{"id":999,"date":"2021-11-13T10:43:48","date_gmt":"2021-11-13T10:43:48","guid":{"rendered":"https:\/\/swieteniemcy.pl\/?p=999"},"modified":"2021-11-20T19:00:59","modified_gmt":"2021-11-20T19:00:59","slug":"komentarze","status":"publish","type":"post","link":"https:\/\/varia.swieteniemcy.pl\/index.php\/2021\/11\/13\/komentarze\/","title":{"rendered":"Komentarze"},"content":{"rendered":"[et_pb_section admin_label=&#8221;section&#8221;]\n\t\t\t[et_pb_row admin_label=&#8221;row&#8221;]\n\t\t\t\t[et_pb_column type=&#8221;4_4&#8243;][et_pb_text admin_label=&#8221;Text&#8221;]\n<p><strong>Zapraszamy do czynnego udzia\u0142u w tworzeniu serwisu. Wasze uwagi s\u0105 dla nas cenne i b\u0119d\u0105 wnikliwie analizowane.<\/strong><\/p>\n[\/et_pb_text][\/et_pb_column]\n\t\t\t[\/et_pb_row]\n\t\t[\/et_pb_section]","protected":false},"excerpt":{"rendered":"<p>Zapraszamy do czynnego udzia\u0142u w tworzeniu serwisu. Wasze uwagi s\u0105 dla nas cenne i b\u0119d\u0105 wnikliwie analizowane.<\/p>\n","protected":false},"author":2,"featured_media":0,"comment_status":"open","ping_status":"open","sticky":false,"template":"","format":"standard","meta":{"_et_pb_use_builder":"on","_et_pb_old_content":"<!-- wp:paragraph -->\n<p><strong>Zapraszamy do czynnego udzia\u0142u w tworzeniu serwisu. Wasze uwagi s\u0105 dla nas cenne i b\u0119d\u0105 wnikliwie analizowane.<\/strong><\/p>\n<!-- \/wp:paragraph -->","_et_gb_content_width":"","footnotes":""},"categories":[19],"tags":[],"class_list":["post-999","post","type-post","status-publish","format-standard","hentry","category-sn-komentarze"],"yoast_head":"<!-- This site is optimized with the Yoast SEO plugin v27.4 - https:\/\/yoast.com\/product\/yoast-seo-wordpress\/ -->\n<title>Komentarze - \u015awi\u0119te Niemcy<\/title>\n<meta name=\"robots\" content=\"index, follow, max-snippet:-1, max-image-preview:large, max-video-preview:-1\" \/>\n<link rel=\"canonical\" href=\"https:\/\/varia.swieteniemcy.pl\/index.php\/2021\/11\/13\/komentarze\/\" \/>\n<meta property=\"og:locale\" content=\"pl_PL\" \/>\n<meta property=\"og:type\" content=\"article\" \/>\n<meta property=\"og:title\" content=\"Komentarze - \u015awi\u0119te Niemcy\" \/>\n<meta property=\"og:description\" content=\"Zapraszamy do czynnego udzia\u0142u w tworzeniu serwisu. Wasze uwagi s\u0105 dla nas cenne i b\u0119d\u0105 wnikliwie analizowane.\" \/>\n<meta property=\"og:url\" content=\"https:\/\/varia.swieteniemcy.pl\/index.php\/2021\/11\/13\/komentarze\/\" \/>\n<meta property=\"og:site_name\" content=\"\u015awi\u0119te Niemcy\" \/>\n<meta property=\"article:published_time\" content=\"2021-11-13T10:43:48+00:00\" \/>\n<meta property=\"article:modified_time\" content=\"2021-11-20T19:00:59+00:00\" \/>\n<meta name=\"author\" content=\"deip\" \/>\n<meta name=\"twitter:card\" content=\"summary_large_image\" \/>\n<meta name=\"twitter:label1\" content=\"Napisane przez\" \/>\n\t<meta name=\"twitter:data1\" content=\"deip\" \/>\n\t<meta name=\"twitter:label2\" content=\"Szacowany czas czytania\" \/>\n\t<meta name=\"twitter:data2\" content=\"1 minuta\" \/>\n<script type=\"application\/ld+json\" class=\"yoast-schema-graph\">{\"@context\":\"https:\\\/\\\/schema.org\",\"@graph\":[{\"@type\":\"Article\",\"@id\":\"https:\\\/\\\/varia.swieteniemcy.pl\\\/index.php\\\/2021\\\/11\\\/13\\\/komentarze\\\/#article\",\"isPartOf\":{\"@id\":\"https:\\\/\\\/varia.swieteniemcy.pl\\\/index.php\\\/2021\\\/11\\\/13\\\/komentarze\\\/\"},\"author\":{\"name\":\"deip\",\"@id\":\"https:\\\/\\\/varia.swieteniemcy.pl\\\/#\\\/schema\\\/person\\\/aa61a70ad5ee70a0273524bd92806a65\"},\"headline\":\"Komentarze\",\"datePublished\":\"2021-11-13T10:43:48+00:00\",\"dateModified\":\"2021-11-20T19:00:59+00:00\",\"mainEntityOfPage\":{\"@id\":\"https:\\\/\\\/varia.swieteniemcy.pl\\\/index.php\\\/2021\\\/11\\\/13\\\/komentarze\\\/\"},\"wordCount\":54,\"commentCount\":5,\"articleSection\":[\"SN Komentarze\"],\"inLanguage\":\"pl-PL\",\"potentialAction\":[{\"@type\":\"CommentAction\",\"name\":\"Comment\",\"target\":[\"https:\\\/\\\/varia.swieteniemcy.pl\\\/index.php\\\/2021\\\/11\\\/13\\\/komentarze\\\/#respond\"]}]},{\"@type\":\"WebPage\",\"@id\":\"https:\\\/\\\/varia.swieteniemcy.pl\\\/index.php\\\/2021\\\/11\\\/13\\\/komentarze\\\/\",\"url\":\"https:\\\/\\\/varia.swieteniemcy.pl\\\/index.php\\\/2021\\\/11\\\/13\\\/komentarze\\\/\",\"name\":\"Komentarze - \u015awi\u0119te Niemcy\",\"isPartOf\":{\"@id\":\"https:\\\/\\\/varia.swieteniemcy.pl\\\/#website\"},\"datePublished\":\"2021-11-13T10:43:48+00:00\",\"dateModified\":\"2021-11-20T19:00:59+00:00\",\"author\":{\"@id\":\"https:\\\/\\\/varia.swieteniemcy.pl\\\/#\\\/schema\\\/person\\\/aa61a70ad5ee70a0273524bd92806a65\"},\"breadcrumb\":{\"@id\":\"https:\\\/\\\/varia.swieteniemcy.pl\\\/index.php\\\/2021\\\/11\\\/13\\\/komentarze\\\/#breadcrumb\"},\"inLanguage\":\"pl-PL\",\"potentialAction\":[{\"@type\":\"ReadAction\",\"target\":[\"https:\\\/\\\/varia.swieteniemcy.pl\\\/index.php\\\/2021\\\/11\\\/13\\\/komentarze\\\/\"]}]},{\"@type\":\"BreadcrumbList\",\"@id\":\"https:\\\/\\\/varia.swieteniemcy.pl\\\/index.php\\\/2021\\\/11\\\/13\\\/komentarze\\\/#breadcrumb\",\"itemListElement\":[{\"@type\":\"ListItem\",\"position\":1,\"name\":\"Strona g\u0142\u00f3wna\",\"item\":\"https:\\\/\\\/varia.swieteniemcy.pl\\\/\"},{\"@type\":\"ListItem\",\"position\":2,\"name\":\"Komentarze\"}]},{\"@type\":\"WebSite\",\"@id\":\"https:\\\/\\\/varia.swieteniemcy.pl\\\/#website\",\"url\":\"https:\\\/\\\/varia.swieteniemcy.pl\\\/\",\"name\":\"\u015awi\u0119te Niemcy\",\"description\":\"\u015awi\u0119te Niemcy - powie\u015b\u0107 o IV Rzeszy, kt\u00f3rej terytoria zajmuj\u0105 tak\u017ce obszar dawnej Polski, obecnie zwanej Lechistanem\",\"potentialAction\":[{\"@type\":\"SearchAction\",\"target\":{\"@type\":\"EntryPoint\",\"urlTemplate\":\"https:\\\/\\\/varia.swieteniemcy.pl\\\/?s={search_term_string}\"},\"query-input\":{\"@type\":\"PropertyValueSpecification\",\"valueRequired\":true,\"valueName\":\"search_term_string\"}}],\"inLanguage\":\"pl-PL\"},{\"@type\":\"Person\",\"@id\":\"https:\\\/\\\/varia.swieteniemcy.pl\\\/#\\\/schema\\\/person\\\/aa61a70ad5ee70a0273524bd92806a65\",\"name\":\"deip\",\"image\":{\"@type\":\"ImageObject\",\"inLanguage\":\"pl-PL\",\"@id\":\"https:\\\/\\\/secure.gravatar.com\\\/avatar\\\/a3c7191fa9a2e0e499af9c2f9995d9f186be16247db24609592af795371634f0?s=96&d=mm&r=g\",\"url\":\"https:\\\/\\\/secure.gravatar.com\\\/avatar\\\/a3c7191fa9a2e0e499af9c2f9995d9f186be16247db24609592af795371634f0?s=96&d=mm&r=g\",\"contentUrl\":\"https:\\\/\\\/secure.gravatar.com\\\/avatar\\\/a3c7191fa9a2e0e499af9c2f9995d9f186be16247db24609592af795371634f0?s=96&d=mm&r=g\",\"caption\":\"deip\"},\"url\":\"https:\\\/\\\/varia.swieteniemcy.pl\\\/index.php\\\/author\\\/deip\\\/\"}]}<\/script>\n<!-- \/ Yoast SEO plugin. -->","yoast_head_json":{"title":"Komentarze - \u015awi\u0119te Niemcy","robots":{"index":"index","follow":"follow","max-snippet":"max-snippet:-1","max-image-preview":"max-image-preview:large","max-video-preview":"max-video-preview:-1"},"canonical":"https:\/\/varia.swieteniemcy.pl\/index.php\/2021\/11\/13\/komentarze\/","og_locale":"pl_PL","og_type":"article","og_title":"Komentarze - \u015awi\u0119te Niemcy","og_description":"Zapraszamy do czynnego udzia\u0142u w tworzeniu serwisu. Wasze uwagi s\u0105 dla nas cenne i b\u0119d\u0105 wnikliwie analizowane.","og_url":"https:\/\/varia.swieteniemcy.pl\/index.php\/2021\/11\/13\/komentarze\/","og_site_name":"\u015awi\u0119te Niemcy","article_published_time":"2021-11-13T10:43:48+00:00","article_modified_time":"2021-11-20T19:00:59+00:00","author":"deip","twitter_card":"summary_large_image","twitter_misc":{"Napisane przez":"deip","Szacowany czas czytania":"1 minuta"},"schema":{"@context":"https:\/\/schema.org","@graph":[{"@type":"Article","@id":"https:\/\/varia.swieteniemcy.pl\/index.php\/2021\/11\/13\/komentarze\/#article","isPartOf":{"@id":"https:\/\/varia.swieteniemcy.pl\/index.php\/2021\/11\/13\/komentarze\/"},"author":{"name":"deip","@id":"https:\/\/varia.swieteniemcy.pl\/#\/schema\/person\/aa61a70ad5ee70a0273524bd92806a65"},"headline":"Komentarze","datePublished":"2021-11-13T10:43:48+00:00","dateModified":"2021-11-20T19:00:59+00:00","mainEntityOfPage":{"@id":"https:\/\/varia.swieteniemcy.pl\/index.php\/2021\/11\/13\/komentarze\/"},"wordCount":54,"commentCount":5,"articleSection":["SN Komentarze"],"inLanguage":"pl-PL","potentialAction":[{"@type":"CommentAction","name":"Comment","target":["https:\/\/varia.swieteniemcy.pl\/index.php\/2021\/11\/13\/komentarze\/#respond"]}]},{"@type":"WebPage","@id":"https:\/\/varia.swieteniemcy.pl\/index.php\/2021\/11\/13\/komentarze\/","url":"https:\/\/varia.swieteniemcy.pl\/index.php\/2021\/11\/13\/komentarze\/","name":"Komentarze - \u015awi\u0119te Niemcy","isPartOf":{"@id":"https:\/\/varia.swieteniemcy.pl\/#website"},"datePublished":"2021-11-13T10:43:48+00:00","dateModified":"2021-11-20T19:00:59+00:00","author":{"@id":"https:\/\/varia.swieteniemcy.pl\/#\/schema\/person\/aa61a70ad5ee70a0273524bd92806a65"},"breadcrumb":{"@id":"https:\/\/varia.swieteniemcy.pl\/index.php\/2021\/11\/13\/komentarze\/#breadcrumb"},"inLanguage":"pl-PL","potentialAction":[{"@type":"ReadAction","target":["https:\/\/varia.swieteniemcy.pl\/index.php\/2021\/11\/13\/komentarze\/"]}]},{"@type":"BreadcrumbList","@id":"https:\/\/varia.swieteniemcy.pl\/index.php\/2021\/11\/13\/komentarze\/#breadcrumb","itemListElement":[{"@type":"ListItem","position":1,"name":"Strona g\u0142\u00f3wna","item":"https:\/\/varia.swieteniemcy.pl\/"},{"@type":"ListItem","position":2,"name":"Komentarze"}]},{"@type":"WebSite","@id":"https:\/\/varia.swieteniemcy.pl\/#website","url":"https:\/\/varia.swieteniemcy.pl\/","name":"\u015awi\u0119te Niemcy","description":"\u015awi\u0119te Niemcy - powie\u015b\u0107 o IV Rzeszy, kt\u00f3rej terytoria zajmuj\u0105 tak\u017ce obszar dawnej Polski, obecnie zwanej Lechistanem","potentialAction":[{"@type":"SearchAction","target":{"@type":"EntryPoint","urlTemplate":"https:\/\/varia.swieteniemcy.pl\/?s={search_term_string}"},"query-input":{"@type":"PropertyValueSpecification","valueRequired":true,"valueName":"search_term_string"}}],"inLanguage":"pl-PL"},{"@type":"Person","@id":"https:\/\/varia.swieteniemcy.pl\/#\/schema\/person\/aa61a70ad5ee70a0273524bd92806a65","name":"deip","image":{"@type":"ImageObject","inLanguage":"pl-PL","@id":"https:\/\/secure.gravatar.com\/avatar\/a3c7191fa9a2e0e499af9c2f9995d9f186be16247db24609592af795371634f0?s=96&d=mm&r=g","url":"https:\/\/secure.gravatar.com\/avatar\/a3c7191fa9a2e0e499af9c2f9995d9f186be16247db24609592af795371634f0?s=96&d=mm&r=g","contentUrl":"https:\/\/secure.gravatar.com\/avatar\/a3c7191fa9a2e0e499af9c2f9995d9f186be16247db24609592af795371634f0?s=96&d=mm&r=g","caption":"deip"},"url":"https:\/\/varia.swieteniemcy.pl\/index.php\/author\/deip\/"}]}},"_links":{"self":[{"href":"https:\/\/varia.swieteniemcy.pl\/index.php\/wp-json\/wp\/v2\/posts\/999","targetHints":{"allow":["GET"]}}],"collection":[{"href":"https:\/\/varia.swieteniemcy.pl\/index.php\/wp-json\/wp\/v2\/posts"}],"about":[{"href":"https:\/\/varia.swieteniemcy.pl\/index.php\/wp-json\/wp\/v2\/types\/post"}],"author":[{"embeddable":true,"href":"https:\/\/varia.swieteniemcy.pl\/index.php\/wp-json\/wp\/v2\/users\/2"}],"replies":[{"embeddable":true,"href":"https:\/\/varia.swieteniemcy.pl\/index.php\/wp-json\/wp\/v2\/comments?post=999"}],"version-history":[{"count":2,"href":"https:\/\/varia.swieteniemcy.pl\/index.php\/wp-json\/wp\/v2\/posts\/999\/revisions"}],"predecessor-version":[{"id":1236,"href":"https:\/\/varia.swieteniemcy.pl\/index.php\/wp-json\/wp\/v2\/posts\/999\/revisions\/1236"}],"wp:attachment":[{"href":"https:\/\/varia.swieteniemcy.pl\/index.php\/wp-json\/wp\/v2\/media?parent=999"}],"wp:term":[{"taxonomy":"category","embeddable":true,"href":"https:\/\/varia.swieteniemcy.pl\/index.php\/wp-json\/wp\/v2\/categories?post=999"},{"taxonomy":"post_tag","embeddable":true,"href":"https:\/\/varia.swieteniemcy.pl\/index.php\/wp-json\/wp\/v2\/tags?post=999"}],"curies":[{"name":"wp","href":"https:\/\/api.w.org\/{rel}","templated":true}]}}