{"id":152,"date":"2021-05-15T14:50:53","date_gmt":"2021-05-15T14:50:53","guid":{"rendered":"https:\/\/swieteniemcy.pl\/?p=152"},"modified":"2021-07-29T15:07:28","modified_gmt":"2021-07-29T15:07:28","slug":"aktualnosc-2","status":"publish","type":"post","link":"https:\/\/varia.swieteniemcy.pl\/index.php\/2021\/05\/15\/aktualnosc-2\/","title":{"rendered":"Uniwersum"},"content":{"rendered":"\n<p>\u015awi\u0119te Niemcy to nie tylko powie\u015b\u0107, przynajmniej w za\u0142o\u017ceniach. My, jako autorzy liczymy, \u017ce b\u0119dzie to pocz\u0105tkiem \u017cyj\u0105cej spo\u0142eczno\u015bci. Liczymy na Wasze zaanga\u017cowanie. Przewidujemy budow\u0119 pe\u0142nego, ciekawego uniwersum, przy Waszym aktywnym udziale. W planach liczne konkursy, w kt\u00f3rych nagrodami maj\u0105 by\u0107 nie tylko rzeczy zwyk\u0142e, materialne, ale udzia\u0142 Waszych historii, awatar\u00f3w, ale tak\u017ce Was (za zgod\u0105) w kolejnych naszych ksi\u0105\u017ckach (i projektach?)&#8230;<\/p>\n","protected":false},"excerpt":{"rendered":"<p>\u015awi\u0119te Niemcy to nie tylko powie\u015b\u0107, przynajmniej w za\u0142o\u017ceniach. My, jako autorzy liczymy, \u017ce b\u0119dzie to pocz\u0105tkiem \u017cyj\u0105cej spo\u0142eczno\u015bci. Liczymy na Wasze zaanga\u017cowanie. Przewidujemy budow\u0119 pe\u0142nego, ciekawego uniwersum, przy Waszym aktywnym udziale. W planach liczne konkursy, w kt\u00f3rych nagrodami maj\u0105 by\u0107 nie tylko rzeczy zwyk\u0142e, materialne, ale udzia\u0142 Waszych historii, awatar\u00f3w, ale tak\u017ce Was (za [&hellip;]<\/p>\n","protected":false},"author":2,"featured_media":0,"comment_status":"open","ping_status":"open","sticky":false,"template":"","format":"standard","meta":{"_et_pb_use_builder":"off","_et_pb_old_content":"","_et_gb_content_width":"","footnotes":""},"categories":[9],"tags":[],"class_list":["post-152","post","type-post","status-publish","format-standard","hentry","category-sn-aktualnosci"],"yoast_head":"<!-- This site is optimized with the Yoast SEO plugin v27.5 - https:\/\/yoast.com\/product\/yoast-seo-wordpress\/ -->\n<title>Uniwersum - \u015awi\u0119te Niemcy<\/title>\n<meta name=\"robots\" content=\"index, follow, max-snippet:-1, max-image-preview:large, max-video-preview:-1\" \/>\n<link rel=\"canonical\" href=\"https:\/\/varia.swieteniemcy.pl\/index.php\/2021\/05\/15\/aktualnosc-2\/\" \/>\n<meta property=\"og:locale\" content=\"pl_PL\" \/>\n<meta property=\"og:type\" content=\"article\" \/>\n<meta property=\"og:title\" content=\"Uniwersum - \u015awi\u0119te Niemcy\" \/>\n<meta property=\"og:description\" content=\"\u015awi\u0119te Niemcy to nie tylko powie\u015b\u0107, przynajmniej w za\u0142o\u017ceniach. My, jako autorzy liczymy, \u017ce b\u0119dzie to pocz\u0105tkiem \u017cyj\u0105cej spo\u0142eczno\u015bci. Liczymy na Wasze zaanga\u017cowanie. Przewidujemy budow\u0119 pe\u0142nego, ciekawego uniwersum, przy Waszym aktywnym udziale. W planach liczne konkursy, w kt\u00f3rych nagrodami maj\u0105 by\u0107 nie tylko rzeczy zwyk\u0142e, materialne, ale udzia\u0142 Waszych historii, awatar\u00f3w, ale tak\u017ce Was (za [&hellip;]\" \/>\n<meta property=\"og:url\" content=\"https:\/\/varia.swieteniemcy.pl\/index.php\/2021\/05\/15\/aktualnosc-2\/\" \/>\n<meta property=\"og:site_name\" content=\"\u015awi\u0119te Niemcy\" \/>\n<meta property=\"article:published_time\" content=\"2021-05-15T14:50:53+00:00\" \/>\n<meta property=\"article:modified_time\" content=\"2021-07-29T15:07:28+00:00\" \/>\n<meta name=\"author\" content=\"deip\" \/>\n<meta name=\"twitter:card\" content=\"summary_large_image\" \/>\n<meta name=\"twitter:label1\" content=\"Napisane przez\" \/>\n\t<meta name=\"twitter:data1\" content=\"deip\" \/>\n\t<meta name=\"twitter:label2\" content=\"Szacowany czas czytania\" \/>\n\t<meta name=\"twitter:data2\" content=\"1 minuta\" \/>\n<script type=\"application\/ld+json\" class=\"yoast-schema-graph\">{\"@context\":\"https:\\\/\\\/schema.org\",\"@graph\":[{\"@type\":\"Article\",\"@id\":\"https:\\\/\\\/varia.swieteniemcy.pl\\\/index.php\\\/2021\\\/05\\\/15\\\/aktualnosc-2\\\/#article\",\"isPartOf\":{\"@id\":\"https:\\\/\\\/varia.swieteniemcy.pl\\\/index.php\\\/2021\\\/05\\\/15\\\/aktualnosc-2\\\/\"},\"author\":{\"name\":\"deip\",\"@id\":\"https:\\\/\\\/varia.swieteniemcy.pl\\\/#\\\/schema\\\/person\\\/aa61a70ad5ee70a0273524bd92806a65\"},\"headline\":\"Uniwersum\",\"datePublished\":\"2021-05-15T14:50:53+00:00\",\"dateModified\":\"2021-07-29T15:07:28+00:00\",\"mainEntityOfPage\":{\"@id\":\"https:\\\/\\\/varia.swieteniemcy.pl\\\/index.php\\\/2021\\\/05\\\/15\\\/aktualnosc-2\\\/\"},\"wordCount\":78,\"commentCount\":1,\"articleSection\":[\"SN Aktualnosci\"],\"inLanguage\":\"pl-PL\",\"potentialAction\":[{\"@type\":\"CommentAction\",\"name\":\"Comment\",\"target\":[\"https:\\\/\\\/varia.swieteniemcy.pl\\\/index.php\\\/2021\\\/05\\\/15\\\/aktualnosc-2\\\/#respond\"]}]},{\"@type\":\"WebPage\",\"@id\":\"https:\\\/\\\/varia.swieteniemcy.pl\\\/index.php\\\/2021\\\/05\\\/15\\\/aktualnosc-2\\\/\",\"url\":\"https:\\\/\\\/varia.swieteniemcy.pl\\\/index.php\\\/2021\\\/05\\\/15\\\/aktualnosc-2\\\/\",\"name\":\"Uniwersum - \u015awi\u0119te Niemcy\",\"isPartOf\":{\"@id\":\"https:\\\/\\\/varia.swieteniemcy.pl\\\/#website\"},\"datePublished\":\"2021-05-15T14:50:53+00:00\",\"dateModified\":\"2021-07-29T15:07:28+00:00\",\"author\":{\"@id\":\"https:\\\/\\\/varia.swieteniemcy.pl\\\/#\\\/schema\\\/person\\\/aa61a70ad5ee70a0273524bd92806a65\"},\"breadcrumb\":{\"@id\":\"https:\\\/\\\/varia.swieteniemcy.pl\\\/index.php\\\/2021\\\/05\\\/15\\\/aktualnosc-2\\\/#breadcrumb\"},\"inLanguage\":\"pl-PL\",\"potentialAction\":[{\"@type\":\"ReadAction\",\"target\":[\"https:\\\/\\\/varia.swieteniemcy.pl\\\/index.php\\\/2021\\\/05\\\/15\\\/aktualnosc-2\\\/\"]}]},{\"@type\":\"BreadcrumbList\",\"@id\":\"https:\\\/\\\/varia.swieteniemcy.pl\\\/index.php\\\/2021\\\/05\\\/15\\\/aktualnosc-2\\\/#breadcrumb\",\"itemListElement\":[{\"@type\":\"ListItem\",\"position\":1,\"name\":\"Strona g\u0142\u00f3wna\",\"item\":\"https:\\\/\\\/varia.swieteniemcy.pl\\\/\"},{\"@type\":\"ListItem\",\"position\":2,\"name\":\"Uniwersum\"}]},{\"@type\":\"WebSite\",\"@id\":\"https:\\\/\\\/varia.swieteniemcy.pl\\\/#website\",\"url\":\"https:\\\/\\\/varia.swieteniemcy.pl\\\/\",\"name\":\"\u015awi\u0119te Niemcy\",\"description\":\"\u015awi\u0119te Niemcy - powie\u015b\u0107 o IV Rzeszy, kt\u00f3rej terytoria zajmuj\u0105 tak\u017ce obszar dawnej Polski, obecnie zwanej Lechistanem\",\"potentialAction\":[{\"@type\":\"SearchAction\",\"target\":{\"@type\":\"EntryPoint\",\"urlTemplate\":\"https:\\\/\\\/varia.swieteniemcy.pl\\\/?s={search_term_string}\"},\"query-input\":{\"@type\":\"PropertyValueSpecification\",\"valueRequired\":true,\"valueName\":\"search_term_string\"}}],\"inLanguage\":\"pl-PL\"},{\"@type\":\"Person\",\"@id\":\"https:\\\/\\\/varia.swieteniemcy.pl\\\/#\\\/schema\\\/person\\\/aa61a70ad5ee70a0273524bd92806a65\",\"name\":\"deip\",\"image\":{\"@type\":\"ImageObject\",\"inLanguage\":\"pl-PL\",\"@id\":\"https:\\\/\\\/secure.gravatar.com\\\/avatar\\\/a3c7191fa9a2e0e499af9c2f9995d9f186be16247db24609592af795371634f0?s=96&d=mm&r=g\",\"url\":\"https:\\\/\\\/secure.gravatar.com\\\/avatar\\\/a3c7191fa9a2e0e499af9c2f9995d9f186be16247db24609592af795371634f0?s=96&d=mm&r=g\",\"contentUrl\":\"https:\\\/\\\/secure.gravatar.com\\\/avatar\\\/a3c7191fa9a2e0e499af9c2f9995d9f186be16247db24609592af795371634f0?s=96&d=mm&r=g\",\"caption\":\"deip\"},\"url\":\"https:\\\/\\\/varia.swieteniemcy.pl\\\/index.php\\\/author\\\/deip\\\/\"}]}<\/script>\n<!-- \/ Yoast SEO plugin. -->","yoast_head_json":{"title":"Uniwersum - \u015awi\u0119te Niemcy","robots":{"index":"index","follow":"follow","max-snippet":"max-snippet:-1","max-image-preview":"max-image-preview:large","max-video-preview":"max-video-preview:-1"},"canonical":"https:\/\/varia.swieteniemcy.pl\/index.php\/2021\/05\/15\/aktualnosc-2\/","og_locale":"pl_PL","og_type":"article","og_title":"Uniwersum - \u015awi\u0119te Niemcy","og_description":"\u015awi\u0119te Niemcy to nie tylko powie\u015b\u0107, przynajmniej w za\u0142o\u017ceniach. My, jako autorzy liczymy, \u017ce b\u0119dzie to pocz\u0105tkiem \u017cyj\u0105cej spo\u0142eczno\u015bci. Liczymy na Wasze zaanga\u017cowanie. Przewidujemy budow\u0119 pe\u0142nego, ciekawego uniwersum, przy Waszym aktywnym udziale. W planach liczne konkursy, w kt\u00f3rych nagrodami maj\u0105 by\u0107 nie tylko rzeczy zwyk\u0142e, materialne, ale udzia\u0142 Waszych historii, awatar\u00f3w, ale tak\u017ce Was (za [&hellip;]","og_url":"https:\/\/varia.swieteniemcy.pl\/index.php\/2021\/05\/15\/aktualnosc-2\/","og_site_name":"\u015awi\u0119te Niemcy","article_published_time":"2021-05-15T14:50:53+00:00","article_modified_time":"2021-07-29T15:07:28+00:00","author":"deip","twitter_card":"summary_large_image","twitter_misc":{"Napisane przez":"deip","Szacowany czas czytania":"1 minuta"},"schema":{"@context":"https:\/\/schema.org","@graph":[{"@type":"Article","@id":"https:\/\/varia.swieteniemcy.pl\/index.php\/2021\/05\/15\/aktualnosc-2\/#article","isPartOf":{"@id":"https:\/\/varia.swieteniemcy.pl\/index.php\/2021\/05\/15\/aktualnosc-2\/"},"author":{"name":"deip","@id":"https:\/\/varia.swieteniemcy.pl\/#\/schema\/person\/aa61a70ad5ee70a0273524bd92806a65"},"headline":"Uniwersum","datePublished":"2021-05-15T14:50:53+00:00","dateModified":"2021-07-29T15:07:28+00:00","mainEntityOfPage":{"@id":"https:\/\/varia.swieteniemcy.pl\/index.php\/2021\/05\/15\/aktualnosc-2\/"},"wordCount":78,"commentCount":1,"articleSection":["SN Aktualnosci"],"inLanguage":"pl-PL","potentialAction":[{"@type":"CommentAction","name":"Comment","target":["https:\/\/varia.swieteniemcy.pl\/index.php\/2021\/05\/15\/aktualnosc-2\/#respond"]}]},{"@type":"WebPage","@id":"https:\/\/varia.swieteniemcy.pl\/index.php\/2021\/05\/15\/aktualnosc-2\/","url":"https:\/\/varia.swieteniemcy.pl\/index.php\/2021\/05\/15\/aktualnosc-2\/","name":"Uniwersum - \u015awi\u0119te Niemcy","isPartOf":{"@id":"https:\/\/varia.swieteniemcy.pl\/#website"},"datePublished":"2021-05-15T14:50:53+00:00","dateModified":"2021-07-29T15:07:28+00:00","author":{"@id":"https:\/\/varia.swieteniemcy.pl\/#\/schema\/person\/aa61a70ad5ee70a0273524bd92806a65"},"breadcrumb":{"@id":"https:\/\/varia.swieteniemcy.pl\/index.php\/2021\/05\/15\/aktualnosc-2\/#breadcrumb"},"inLanguage":"pl-PL","potentialAction":[{"@type":"ReadAction","target":["https:\/\/varia.swieteniemcy.pl\/index.php\/2021\/05\/15\/aktualnosc-2\/"]}]},{"@type":"BreadcrumbList","@id":"https:\/\/varia.swieteniemcy.pl\/index.php\/2021\/05\/15\/aktualnosc-2\/#breadcrumb","itemListElement":[{"@type":"ListItem","position":1,"name":"Strona g\u0142\u00f3wna","item":"https:\/\/varia.swieteniemcy.pl\/"},{"@type":"ListItem","position":2,"name":"Uniwersum"}]},{"@type":"WebSite","@id":"https:\/\/varia.swieteniemcy.pl\/#website","url":"https:\/\/varia.swieteniemcy.pl\/","name":"\u015awi\u0119te Niemcy","description":"\u015awi\u0119te Niemcy - powie\u015b\u0107 o IV Rzeszy, kt\u00f3rej terytoria zajmuj\u0105 tak\u017ce obszar dawnej Polski, obecnie zwanej Lechistanem","potentialAction":[{"@type":"SearchAction","target":{"@type":"EntryPoint","urlTemplate":"https:\/\/varia.swieteniemcy.pl\/?s={search_term_string}"},"query-input":{"@type":"PropertyValueSpecification","valueRequired":true,"valueName":"search_term_string"}}],"inLanguage":"pl-PL"},{"@type":"Person","@id":"https:\/\/varia.swieteniemcy.pl\/#\/schema\/person\/aa61a70ad5ee70a0273524bd92806a65","name":"deip","image":{"@type":"ImageObject","inLanguage":"pl-PL","@id":"https:\/\/secure.gravatar.com\/avatar\/a3c7191fa9a2e0e499af9c2f9995d9f186be16247db24609592af795371634f0?s=96&d=mm&r=g","url":"https:\/\/secure.gravatar.com\/avatar\/a3c7191fa9a2e0e499af9c2f9995d9f186be16247db24609592af795371634f0?s=96&d=mm&r=g","contentUrl":"https:\/\/secure.gravatar.com\/avatar\/a3c7191fa9a2e0e499af9c2f9995d9f186be16247db24609592af795371634f0?s=96&d=mm&r=g","caption":"deip"},"url":"https:\/\/varia.swieteniemcy.pl\/index.php\/author\/deip\/"}]}},"_links":{"self":[{"href":"https:\/\/varia.swieteniemcy.pl\/index.php\/wp-json\/wp\/v2\/posts\/152","targetHints":{"allow":["GET"]}}],"collection":[{"href":"https:\/\/varia.swieteniemcy.pl\/index.php\/wp-json\/wp\/v2\/posts"}],"about":[{"href":"https:\/\/varia.swieteniemcy.pl\/index.php\/wp-json\/wp\/v2\/types\/post"}],"author":[{"embeddable":true,"href":"https:\/\/varia.swieteniemcy.pl\/index.php\/wp-json\/wp\/v2\/users\/2"}],"replies":[{"embeddable":true,"href":"https:\/\/varia.swieteniemcy.pl\/index.php\/wp-json\/wp\/v2\/comments?post=152"}],"version-history":[{"count":3,"href":"https:\/\/varia.swieteniemcy.pl\/index.php\/wp-json\/wp\/v2\/posts\/152\/revisions"}],"predecessor-version":[{"id":810,"href":"https:\/\/varia.swieteniemcy.pl\/index.php\/wp-json\/wp\/v2\/posts\/152\/revisions\/810"}],"wp:attachment":[{"href":"https:\/\/varia.swieteniemcy.pl\/index.php\/wp-json\/wp\/v2\/media?parent=152"}],"wp:term":[{"taxonomy":"category","embeddable":true,"href":"https:\/\/varia.swieteniemcy.pl\/index.php\/wp-json\/wp\/v2\/categories?post=152"},{"taxonomy":"post_tag","embeddable":true,"href":"https:\/\/varia.swieteniemcy.pl\/index.php\/wp-json\/wp\/v2\/tags?post=152"}],"curies":[{"name":"wp","href":"https:\/\/api.w.org\/{rel}","templated":true}]}}