{"id":121,"date":"2021-05-08T07:39:42","date_gmt":"2021-05-08T07:39:42","guid":{"rendered":"https:\/\/swieteniemcy.pl\/?p=121"},"modified":"2021-06-07T06:16:31","modified_gmt":"2021-06-07T06:16:31","slug":"fragment-2","status":"publish","type":"post","link":"https:\/\/varia.swieteniemcy.pl\/index.php\/2021\/05\/08\/fragment-2\/","title":{"rendered":"Fragment rozdzia\u0142u 33 &#8211; &#8222;Powiew historii&#8221;"},"content":{"rendered":"\n<p><strong>fragment wybrany przez Jot.pe<\/strong><\/p>\n\n\n\n<p class=\"has-large-font-size\"><strong>(&#8230;)<\/strong><\/p>\n\n\n\n<p>Adam otworzy\u0142 oczy, zdj\u0105\u0142 os\u0142on\u0119. \u201eWidz\u0119 ciemno\u015b\u0107, ciemno\u015b\u0107 widz\u0119\u201d \u2013 pomy\u015bla\u0142. Mimo zamkni\u0119tych i zas\u0142oni\u0119tych oczu  podczas temportacji wpad\u0142o tyle \u015bwiat\u0142a, \u017ce czu\u0142 si\u0119 jakby go o\u015blepi\u0142y reflektory drogowe. Zamkn\u0105\u0142 powieki. Po chwili otworzy\u0142 je ponownie. Nadal widzia\u0142 czarn\u0105 czelu\u015b\u0107. Teraz ju\u017c nie zamyka\u0142 oczu, lecz nadal nic nie widzia\u0142. \u201eZnaczy, \u017ce jestem w \u015brodku  obiektu, w kt\u00f3rym nie ma okien\u201d \u2013 domy\u015bli\u0142 si\u0119. Po omacku namaca\u0142 lew\u0105 r\u0119k\u0105 banda\u017ce na prawej, pod nimi temploka,  nacisn\u0105\u0142 na ekran dotykowy. Poprzez jego aktywacj\u0119 chcia\u0142 uzyska\u0107 troch\u0119 \u015bwiat\u0142a. Nadal ciemno\u015b\u0107. \u201ePo pierwsze \u2013 banda\u017ce szczelnie zakrywaj\u0105 urz\u0105dzenie \u2013 to dobrze; po drugie \u2013 b\u0119d\u0119 mia\u0142 rad\u0119 dla chronofizyk\u00f3w \u2013 zainstalowa\u0107 dedykowan\u0105 latark\u0119, sprz\u0119towo lub przynajmniej programowo\u201d. Postanowi\u0142 odszuka\u0107 po omacku jaki\u015b w\u0142\u0105cznik \u015bwiat\u0142a. W tym celu wyci\u0105gn\u0105\u0142 przed siebie r\u0119ce. Trafi\u0142 na zimn\u0105 \u015bcian\u0119. Nie wiedz\u0105c, gdzie jest, nie chcia\u0142 porusza\u0107 nogami. Czu\u0142 je jednak, a to by\u0142 dobry znak \u2013 nie sko\u0144czy\u0142 skoku w murze lub w skale. Maca\u0142 \u015bcian\u0119 r\u0119kami przed sob\u0105. W pewnej chwili poczu\u0142, \u017ce lekko chropowata  powierzchnia przesz\u0142a w g\u0142adk\u0105. Pami\u0119taj\u0105c z przygotowa\u0144, \u017ce najprawdopodobniejsz\u0105 ko\u0144c\u00f3wk\u0105 temportu mo\u017ce by\u0107 schron dla go\u015bci, a w nim ma\u0142e pomieszczenie, takie jak \u0142azienka lub toaleta, pomy\u015bla\u0142: \u201eCzy\u017cbym trafi\u0142 do \u0142azienki lub toalety? W takim razie ta g\u0142ad\u017a by\u0142aby lustrem\u201d. Ba\u0142 si\u0119 ruszy\u0107 z miejsca. Pami\u0119ta\u0142, \u017ce inn\u0105 lokalizacj\u0105 by\u0142 awaryjny generator pr\u0105du.  Perspektywa zetkni\u0119cia si\u0119 z urz\u0105dzeniem elektrycznym, nie wiadomo czy wy\u0142\u0105czonym, niezbyt mu si\u0119 podoba\u0142a. Nie chcia\u0142 sko\u0144czy\u0107 jako bezimienny usma\u017cony, o jakich zdarza\u0142o mu si\u0119 s\u0142ysze\u0107 od koleg\u00f3w z pogotowia, kt\u00f3rzy wraz ze stra\u017cakami \u015bci\u0105gali ofiary ze s\u0142up\u00f3w transformatorowych. \u201eZaraz, zaraz, nie s\u0142ysz\u0119 charakterystycznego buczenia, w zasadzie to nic nie s\u0142ysz\u0119. Jest dobrze\u201d \u2013 pomy\u015bla\u0142. Nabra\u0142 otuchy, wr\u00f3ci\u0142 do macania \u015bciany. Zszed\u0142 r\u0119kami ni\u017cej. G\u0142adka powierzchnia ko\u0144czy\u0142a si\u0119 nagle, nast\u0119pnie zaczyna\u0142a si\u0119 bardziej chropowata, a ni\u017cej przechodzi\u0142a w co\u015b odstaj\u0105cego od \u015bciany. \u201eUmywalka?\u201d \u2013  pomy\u015bla\u0142. Adam centymetr po centymetrze pr\u00f3bowa\u0142 wyszuka\u0107 co\u015b, co na dotyk przypomina\u0142oby kurki. Poczu\u0142 jeszcze zimniejszy przedmiot, kt\u00f3rego zarysy pasowa\u0142y do kszta\u0142tu kranu. \u201ePrzekonamy si\u0119\u201d. Z\u0142apa\u0142 ow\u0105 powierzchni\u0119 tak, jak \u0142apie si\u0119 zaw\u00f3r do wody i, u\u017cywaj\u0105c niewielkiej si\u0142y, pr\u00f3bowa\u0142 go odkr\u0119ci\u0107. Uda\u0142o si\u0119. Us\u0142ysza\u0142 charakterystyczny pisk metalu, a potem szum wody. \u201e\u0141azienka lub toaleta, uff\u201d \u2013 odetchn\u0105\u0142. Nadal widzia\u0142 tylko ciemno\u015b\u0107. Jako lekarz pami\u0119ta\u0142, \u017ce wzrok dostosowuje si\u0119 do ciemno\u015bci, przestawiaj\u0105c si\u0119 na tak zwane widzenie pr\u0119cikowe, ale zajmuje to do kilkudziesi\u0119ciu minut. Z tym \u017ce cz\u0142owiek to nie kot i w kompletnej ciemno\u015bci nawet pr\u0119ciki nie pomog\u0105. Zakr\u0119ci\u0142 wod\u0119. \u201eChwila, czy w toalecie lub \u0142azience montuje si\u0119 w\u0142\u0105czniki \u015bwiat\u0142a?\u201d \u2013 zastanowi\u0142 si\u0119. Zda\u0142 sobie spraw\u0119, \u017ce wy\u0142\u0105czniki montuje si\u0119 raczej na zewn\u0105trz pomieszcze\u0144 sanitarnych. Mog\u0105 by\u0107 w nich dodatkowe lampki, ale przyj\u0105\u0142, \u017ce tutaj ich nie b\u0119dzie. Z tego, co pami\u0119ta\u0142, je\u015bli jest to sanitariat bunkra dla go\u015bci z 1944 roku, to znalaz\u0142 si\u0119 w warunkach wojskowych tego okresu, ale r\u00f3wnie dobrze innego \u2013 dzia\u0142aj\u0105ca woda nie przes\u0105dza czasu, w jakim si\u0119 znalaz\u0142. Wr\u00f3ci\u0142 do obmacywania i jednocze\u015bnie zacz\u0105\u0142 robi\u0107 drobne kroczki\u2026 W zasadzie to przesuwa\u0142 stopy jedna za drug\u0105, ca\u0142y czas macaj\u0105c r\u0119koma mury po obu stronach. Po chwili natrafi\u0142 \u0142ydk\u0105 na przeszkod\u0119. Schyli\u0142 si\u0119. Dotkn\u0105\u0142 czego\u015b na kszta\u0142t muszli klozetowej. W ka\u017cdym razie jego r\u0119ce trafi\u0142y na wysoko\u015bci kolan na co\u015b zimnego, a nast\u0119pnie na ziej\u0105c\u0105 przestrze\u0144. Domy\u015bla\u0142 si\u0119, co jest w \u015brodku, nie chcia\u0142 tego sprawdza\u0107. Wyprostowa\u0142 si\u0119, obr\u00f3ci\u0142 o 180 stopni i w podobny spos\u00f3b posuwa\u0142 si\u0119 w drug\u0105 stron\u0119. Doszed\u0142 do czego\u015b, co zinterpretowa\u0142 jako framug\u0119 drzwi. Szuka\u0142 klamki. By\u0142a. Nacisn\u0105\u0142\u2026 Drzwi z trudem si\u0119 otworzy\u0142y. Za nimi nadal panowa\u0142y ciemno\u015bci. Nas\u0142uchiwa\u0142, czy kto\u015b lub co\u015b nie idzie. Cisza. Zrobi\u0142 p\u00f3\u0142 kroku. Wymaca\u0142 jedn\u0105 r\u0119k\u0105 co\u015b, co przypomina\u0142o w\u0142\u0105cznik \u015bwiat\u0142a, prostok\u0105t z wybrzuszeniem po\u015brodku cieplejszy ni\u017c reszta \u015bciany. Przez g\u0142ow\u0119 przelecia\u0142a mu my\u015bl, czy nie lepiej pozosta\u0107 w ciemno\u015bciach, ale pragnienie \u015bwiat\u0142a by\u0142o silniejsze. \u201eRaz kozie \u015bmier\u0107\u201d. Psstryk\u2026 i \u015bwiat\u0142o zza plec\u00f3w ujawni\u0142o pod\u0142og\u0119 i \u015bcian\u0119. Odwr\u00f3ci\u0142 si\u0119. A wi\u0119c jednak toaleta z ma\u0142\u0105 umywalk\u0105. Dobrze, \u017ce nie sprawdza\u0142 tej ziej\u0105cej dziury.<\/p>\n\n\n\n<p>       Adam postanowi\u0142 nie i\u015b\u0107 dalej. Wszed\u0142 z powrotem do pomieszczenia, zamkn\u0105\u0142 drzwi. By\u0142 sam w niedu\u017cej toalecie. G\u0142adka  powierzchnia, kt\u00f3r\u0105 wyczu\u0142 na pocz\u0105tku, okaza\u0142a si\u0119 lustrem. Spojrza\u0142 na swoje odbicie. Oficer Wehrmachtu z zabanda\u017cowanym prawym przedramieniem. Tym razem temportacja odby\u0142a si\u0119 bez uszczerbku na zdrowiu. Strzepa\u0142 nieistniej\u0105cy py\u0142ek, poprawi\u0142 mundur i zastanowi\u0142 si\u0119. Zda\u0142 sobie spraw\u0119, \u017ce do tej pory nikt go nie zaczepi\u0142. \u201eTrzeba za wszelk\u0105 cen\u0119 ustali\u0107, gdzie i kiedy jestem\u201d \u2013 pomy\u015bla\u0142. Wyszed\u0142 z toalety. Zostawi\u0142 uchylone drzwi. Spojrza\u0142 na wy\u0142\u0105cznik \u2013 bakelit. Uzna\u0142 to za dobry znak. Nik\u0142e \u015bwiat\u0142o pada\u0142o na pomieszczenie. \u015aciany pomalowane bia\u0142\u0105 farb\u0105. Pod\u0142oga \u2013 budowla\u0144cy nazwaliby to wylewk\u0105. Proste drewniane meble \u2013 st\u00f3\u0142 i kilka krzese\u0142. Dostrzeg\u0142 w oddali zegar \u015bcienny. Przybli\u017cy\u0142 si\u0119. Prosty mechaniczny chronometr pokazywa\u0142 godzin\u0119 3:45. \u201eNiedobrze\u201d \u2013 pomy\u015bla\u0142. Plan by\u0142 taki, \u017ce skok zako\u0144czy o 10:00 tak, \u017ceby wychodz\u0105c z bunkra dla go\u015bci, wcieli\u0107 si\u0119 w rol\u0119 pomocniczego adiutanta Stauffenberga, kt\u00f3ry powinien pojawi\u0107 si\u0119 na miejscu oko\u0142o 11:00. Wiedz\u0105c o niedok\u0142adno\u015bci temportacji, martwi\u0142 si\u0119 coraz bardziej. \u201eTrzecia rano czy trzecia po po\u0142udniu i kt\u00f3rego dnia?\u201d.  Niestety templok nie posiada\u0142 funkcji geolokalizacji, a co dopiero lokalizacji czasowej. Rozejrza\u0142 si\u0119. Nie dostrzeg\u0142 okien, z daleka majaczy\u0142y drzwi \u2013 nie by\u0142 pewien. Na stole zobaczy\u0142 wiadra oraz p\u0119dzle i wa\u0142ki. \u201eHitler lubi\u0142 kreowa\u0107 si\u0119 na skromnego, ale tu chyba jest zbyt skromnie. Raczej wygl\u0105da na pok\u00f3j w remoncie. Chyba jednak nie wpadn\u0119 na herbatk\u0119 do F\u00fchrera\u201d \u2013 pomy\u015bla\u0142. Podszed\u0142 do sto\u0142u, rozejrza\u0142 si\u0119 w poszukiwaniu przedmiot\u00f3w mog\u0105cych okre\u015bli\u0107 czas i miejsce. Mebel przykrywa\u0142y gazety, prawdopodobnie w celu ochrony przed odpryskami farby.<\/p>\n\n\n\n<p>(&#8230;)<\/p>\n","protected":false},"excerpt":{"rendered":"<p>fragment wybrany przez Jot.pe (&#8230;) Adam otworzy\u0142 oczy, zdj\u0105\u0142 os\u0142on\u0119. \u201eWidz\u0119 ciemno\u015b\u0107, ciemno\u015b\u0107 widz\u0119\u201d \u2013 pomy\u015bla\u0142. Mimo zamkni\u0119tych i zas\u0142oni\u0119tych oczu podczas temportacji wpad\u0142o tyle \u015bwiat\u0142a, \u017ce czu\u0142 si\u0119 jakby go o\u015blepi\u0142y reflektory drogowe. Zamkn\u0105\u0142 powieki. Po chwili otworzy\u0142 je ponownie. Nadal widzia\u0142 czarn\u0105 czelu\u015b\u0107. Teraz ju\u017c nie zamyka\u0142 oczu, lecz nadal nic nie widzia\u0142. [&hellip;]<\/p>\n","protected":false},"author":2,"featured_media":0,"comment_status":"open","ping_status":"open","sticky":false,"template":"","format":"standard","meta":{"_et_pb_use_builder":"off","_et_pb_old_content":"","_et_gb_content_width":"1080","footnotes":""},"categories":[8],"tags":[],"class_list":["post-121","post","type-post","status-publish","format-standard","hentry","category-sn-fragmenty"],"yoast_head":"<!-- This site is optimized with the Yoast SEO plugin v27.5 - https:\/\/yoast.com\/product\/yoast-seo-wordpress\/ -->\n<title>Fragment rozdzia\u0142u 33 - &quot;Powiew historii&quot; - \u015awi\u0119te Niemcy<\/title>\n<meta name=\"robots\" content=\"index, follow, max-snippet:-1, max-image-preview:large, max-video-preview:-1\" \/>\n<link rel=\"canonical\" href=\"https:\/\/varia.swieteniemcy.pl\/index.php\/2021\/05\/08\/fragment-2\/\" \/>\n<meta property=\"og:locale\" content=\"pl_PL\" \/>\n<meta property=\"og:type\" content=\"article\" \/>\n<meta property=\"og:title\" content=\"Fragment rozdzia\u0142u 33 - &quot;Powiew historii&quot; - \u015awi\u0119te Niemcy\" \/>\n<meta property=\"og:description\" content=\"fragment wybrany przez Jot.pe (&#8230;) Adam otworzy\u0142 oczy, zdj\u0105\u0142 os\u0142on\u0119. \u201eWidz\u0119 ciemno\u015b\u0107, ciemno\u015b\u0107 widz\u0119\u201d \u2013 pomy\u015bla\u0142. Mimo zamkni\u0119tych i zas\u0142oni\u0119tych oczu podczas temportacji wpad\u0142o tyle \u015bwiat\u0142a, \u017ce czu\u0142 si\u0119 jakby go o\u015blepi\u0142y reflektory drogowe. Zamkn\u0105\u0142 powieki. Po chwili otworzy\u0142 je ponownie. Nadal widzia\u0142 czarn\u0105 czelu\u015b\u0107. Teraz ju\u017c nie zamyka\u0142 oczu, lecz nadal nic nie widzia\u0142. [&hellip;]\" \/>\n<meta property=\"og:url\" content=\"https:\/\/varia.swieteniemcy.pl\/index.php\/2021\/05\/08\/fragment-2\/\" \/>\n<meta property=\"og:site_name\" content=\"\u015awi\u0119te Niemcy\" \/>\n<meta property=\"article:published_time\" content=\"2021-05-08T07:39:42+00:00\" \/>\n<meta property=\"article:modified_time\" content=\"2021-06-07T06:16:31+00:00\" \/>\n<meta name=\"author\" content=\"deip\" \/>\n<meta name=\"twitter:card\" content=\"summary_large_image\" \/>\n<meta name=\"twitter:label1\" content=\"Napisane przez\" \/>\n\t<meta name=\"twitter:data1\" content=\"deip\" \/>\n\t<meta name=\"twitter:label2\" content=\"Szacowany czas czytania\" \/>\n\t<meta name=\"twitter:data2\" content=\"4 minuty\" \/>\n<script type=\"application\/ld+json\" class=\"yoast-schema-graph\">{\"@context\":\"https:\\\/\\\/schema.org\",\"@graph\":[{\"@type\":\"Article\",\"@id\":\"https:\\\/\\\/varia.swieteniemcy.pl\\\/index.php\\\/2021\\\/05\\\/08\\\/fragment-2\\\/#article\",\"isPartOf\":{\"@id\":\"https:\\\/\\\/varia.swieteniemcy.pl\\\/index.php\\\/2021\\\/05\\\/08\\\/fragment-2\\\/\"},\"author\":{\"name\":\"deip\",\"@id\":\"https:\\\/\\\/varia.swieteniemcy.pl\\\/#\\\/schema\\\/person\\\/aa61a70ad5ee70a0273524bd92806a65\"},\"headline\":\"Fragment rozdzia\u0142u 33 &#8211; &#8222;Powiew historii&#8221;\",\"datePublished\":\"2021-05-08T07:39:42+00:00\",\"dateModified\":\"2021-06-07T06:16:31+00:00\",\"mainEntityOfPage\":{\"@id\":\"https:\\\/\\\/varia.swieteniemcy.pl\\\/index.php\\\/2021\\\/05\\\/08\\\/fragment-2\\\/\"},\"wordCount\":1086,\"commentCount\":0,\"articleSection\":[\"SN Fragmenty\"],\"inLanguage\":\"pl-PL\",\"potentialAction\":[{\"@type\":\"CommentAction\",\"name\":\"Comment\",\"target\":[\"https:\\\/\\\/varia.swieteniemcy.pl\\\/index.php\\\/2021\\\/05\\\/08\\\/fragment-2\\\/#respond\"]}]},{\"@type\":\"WebPage\",\"@id\":\"https:\\\/\\\/varia.swieteniemcy.pl\\\/index.php\\\/2021\\\/05\\\/08\\\/fragment-2\\\/\",\"url\":\"https:\\\/\\\/varia.swieteniemcy.pl\\\/index.php\\\/2021\\\/05\\\/08\\\/fragment-2\\\/\",\"name\":\"Fragment rozdzia\u0142u 33 - \\\"Powiew historii\\\" - \u015awi\u0119te Niemcy\",\"isPartOf\":{\"@id\":\"https:\\\/\\\/varia.swieteniemcy.pl\\\/#website\"},\"datePublished\":\"2021-05-08T07:39:42+00:00\",\"dateModified\":\"2021-06-07T06:16:31+00:00\",\"author\":{\"@id\":\"https:\\\/\\\/varia.swieteniemcy.pl\\\/#\\\/schema\\\/person\\\/aa61a70ad5ee70a0273524bd92806a65\"},\"breadcrumb\":{\"@id\":\"https:\\\/\\\/varia.swieteniemcy.pl\\\/index.php\\\/2021\\\/05\\\/08\\\/fragment-2\\\/#breadcrumb\"},\"inLanguage\":\"pl-PL\",\"potentialAction\":[{\"@type\":\"ReadAction\",\"target\":[\"https:\\\/\\\/varia.swieteniemcy.pl\\\/index.php\\\/2021\\\/05\\\/08\\\/fragment-2\\\/\"]}]},{\"@type\":\"BreadcrumbList\",\"@id\":\"https:\\\/\\\/varia.swieteniemcy.pl\\\/index.php\\\/2021\\\/05\\\/08\\\/fragment-2\\\/#breadcrumb\",\"itemListElement\":[{\"@type\":\"ListItem\",\"position\":1,\"name\":\"Strona g\u0142\u00f3wna\",\"item\":\"https:\\\/\\\/varia.swieteniemcy.pl\\\/\"},{\"@type\":\"ListItem\",\"position\":2,\"name\":\"Fragment rozdzia\u0142u 33 &#8211; &#8222;Powiew historii&#8221;\"}]},{\"@type\":\"WebSite\",\"@id\":\"https:\\\/\\\/varia.swieteniemcy.pl\\\/#website\",\"url\":\"https:\\\/\\\/varia.swieteniemcy.pl\\\/\",\"name\":\"\u015awi\u0119te Niemcy\",\"description\":\"\u015awi\u0119te Niemcy - powie\u015b\u0107 o IV Rzeszy, kt\u00f3rej terytoria zajmuj\u0105 tak\u017ce obszar dawnej Polski, obecnie zwanej Lechistanem\",\"potentialAction\":[{\"@type\":\"SearchAction\",\"target\":{\"@type\":\"EntryPoint\",\"urlTemplate\":\"https:\\\/\\\/varia.swieteniemcy.pl\\\/?s={search_term_string}\"},\"query-input\":{\"@type\":\"PropertyValueSpecification\",\"valueRequired\":true,\"valueName\":\"search_term_string\"}}],\"inLanguage\":\"pl-PL\"},{\"@type\":\"Person\",\"@id\":\"https:\\\/\\\/varia.swieteniemcy.pl\\\/#\\\/schema\\\/person\\\/aa61a70ad5ee70a0273524bd92806a65\",\"name\":\"deip\",\"image\":{\"@type\":\"ImageObject\",\"inLanguage\":\"pl-PL\",\"@id\":\"https:\\\/\\\/secure.gravatar.com\\\/avatar\\\/a3c7191fa9a2e0e499af9c2f9995d9f186be16247db24609592af795371634f0?s=96&d=mm&r=g\",\"url\":\"https:\\\/\\\/secure.gravatar.com\\\/avatar\\\/a3c7191fa9a2e0e499af9c2f9995d9f186be16247db24609592af795371634f0?s=96&d=mm&r=g\",\"contentUrl\":\"https:\\\/\\\/secure.gravatar.com\\\/avatar\\\/a3c7191fa9a2e0e499af9c2f9995d9f186be16247db24609592af795371634f0?s=96&d=mm&r=g\",\"caption\":\"deip\"},\"url\":\"https:\\\/\\\/varia.swieteniemcy.pl\\\/index.php\\\/author\\\/deip\\\/\"}]}<\/script>\n<!-- \/ Yoast SEO plugin. -->","yoast_head_json":{"title":"Fragment rozdzia\u0142u 33 - \"Powiew historii\" - \u015awi\u0119te Niemcy","robots":{"index":"index","follow":"follow","max-snippet":"max-snippet:-1","max-image-preview":"max-image-preview:large","max-video-preview":"max-video-preview:-1"},"canonical":"https:\/\/varia.swieteniemcy.pl\/index.php\/2021\/05\/08\/fragment-2\/","og_locale":"pl_PL","og_type":"article","og_title":"Fragment rozdzia\u0142u 33 - \"Powiew historii\" - \u015awi\u0119te Niemcy","og_description":"fragment wybrany przez Jot.pe (&#8230;) Adam otworzy\u0142 oczy, zdj\u0105\u0142 os\u0142on\u0119. \u201eWidz\u0119 ciemno\u015b\u0107, ciemno\u015b\u0107 widz\u0119\u201d \u2013 pomy\u015bla\u0142. Mimo zamkni\u0119tych i zas\u0142oni\u0119tych oczu podczas temportacji wpad\u0142o tyle \u015bwiat\u0142a, \u017ce czu\u0142 si\u0119 jakby go o\u015blepi\u0142y reflektory drogowe. Zamkn\u0105\u0142 powieki. Po chwili otworzy\u0142 je ponownie. Nadal widzia\u0142 czarn\u0105 czelu\u015b\u0107. Teraz ju\u017c nie zamyka\u0142 oczu, lecz nadal nic nie widzia\u0142. [&hellip;]","og_url":"https:\/\/varia.swieteniemcy.pl\/index.php\/2021\/05\/08\/fragment-2\/","og_site_name":"\u015awi\u0119te Niemcy","article_published_time":"2021-05-08T07:39:42+00:00","article_modified_time":"2021-06-07T06:16:31+00:00","author":"deip","twitter_card":"summary_large_image","twitter_misc":{"Napisane przez":"deip","Szacowany czas czytania":"4 minuty"},"schema":{"@context":"https:\/\/schema.org","@graph":[{"@type":"Article","@id":"https:\/\/varia.swieteniemcy.pl\/index.php\/2021\/05\/08\/fragment-2\/#article","isPartOf":{"@id":"https:\/\/varia.swieteniemcy.pl\/index.php\/2021\/05\/08\/fragment-2\/"},"author":{"name":"deip","@id":"https:\/\/varia.swieteniemcy.pl\/#\/schema\/person\/aa61a70ad5ee70a0273524bd92806a65"},"headline":"Fragment rozdzia\u0142u 33 &#8211; &#8222;Powiew historii&#8221;","datePublished":"2021-05-08T07:39:42+00:00","dateModified":"2021-06-07T06:16:31+00:00","mainEntityOfPage":{"@id":"https:\/\/varia.swieteniemcy.pl\/index.php\/2021\/05\/08\/fragment-2\/"},"wordCount":1086,"commentCount":0,"articleSection":["SN Fragmenty"],"inLanguage":"pl-PL","potentialAction":[{"@type":"CommentAction","name":"Comment","target":["https:\/\/varia.swieteniemcy.pl\/index.php\/2021\/05\/08\/fragment-2\/#respond"]}]},{"@type":"WebPage","@id":"https:\/\/varia.swieteniemcy.pl\/index.php\/2021\/05\/08\/fragment-2\/","url":"https:\/\/varia.swieteniemcy.pl\/index.php\/2021\/05\/08\/fragment-2\/","name":"Fragment rozdzia\u0142u 33 - \"Powiew historii\" - \u015awi\u0119te Niemcy","isPartOf":{"@id":"https:\/\/varia.swieteniemcy.pl\/#website"},"datePublished":"2021-05-08T07:39:42+00:00","dateModified":"2021-06-07T06:16:31+00:00","author":{"@id":"https:\/\/varia.swieteniemcy.pl\/#\/schema\/person\/aa61a70ad5ee70a0273524bd92806a65"},"breadcrumb":{"@id":"https:\/\/varia.swieteniemcy.pl\/index.php\/2021\/05\/08\/fragment-2\/#breadcrumb"},"inLanguage":"pl-PL","potentialAction":[{"@type":"ReadAction","target":["https:\/\/varia.swieteniemcy.pl\/index.php\/2021\/05\/08\/fragment-2\/"]}]},{"@type":"BreadcrumbList","@id":"https:\/\/varia.swieteniemcy.pl\/index.php\/2021\/05\/08\/fragment-2\/#breadcrumb","itemListElement":[{"@type":"ListItem","position":1,"name":"Strona g\u0142\u00f3wna","item":"https:\/\/varia.swieteniemcy.pl\/"},{"@type":"ListItem","position":2,"name":"Fragment rozdzia\u0142u 33 &#8211; &#8222;Powiew historii&#8221;"}]},{"@type":"WebSite","@id":"https:\/\/varia.swieteniemcy.pl\/#website","url":"https:\/\/varia.swieteniemcy.pl\/","name":"\u015awi\u0119te Niemcy","description":"\u015awi\u0119te Niemcy - powie\u015b\u0107 o IV Rzeszy, kt\u00f3rej terytoria zajmuj\u0105 tak\u017ce obszar dawnej Polski, obecnie zwanej Lechistanem","potentialAction":[{"@type":"SearchAction","target":{"@type":"EntryPoint","urlTemplate":"https:\/\/varia.swieteniemcy.pl\/?s={search_term_string}"},"query-input":{"@type":"PropertyValueSpecification","valueRequired":true,"valueName":"search_term_string"}}],"inLanguage":"pl-PL"},{"@type":"Person","@id":"https:\/\/varia.swieteniemcy.pl\/#\/schema\/person\/aa61a70ad5ee70a0273524bd92806a65","name":"deip","image":{"@type":"ImageObject","inLanguage":"pl-PL","@id":"https:\/\/secure.gravatar.com\/avatar\/a3c7191fa9a2e0e499af9c2f9995d9f186be16247db24609592af795371634f0?s=96&d=mm&r=g","url":"https:\/\/secure.gravatar.com\/avatar\/a3c7191fa9a2e0e499af9c2f9995d9f186be16247db24609592af795371634f0?s=96&d=mm&r=g","contentUrl":"https:\/\/secure.gravatar.com\/avatar\/a3c7191fa9a2e0e499af9c2f9995d9f186be16247db24609592af795371634f0?s=96&d=mm&r=g","caption":"deip"},"url":"https:\/\/varia.swieteniemcy.pl\/index.php\/author\/deip\/"}]}},"_links":{"self":[{"href":"https:\/\/varia.swieteniemcy.pl\/index.php\/wp-json\/wp\/v2\/posts\/121","targetHints":{"allow":["GET"]}}],"collection":[{"href":"https:\/\/varia.swieteniemcy.pl\/index.php\/wp-json\/wp\/v2\/posts"}],"about":[{"href":"https:\/\/varia.swieteniemcy.pl\/index.php\/wp-json\/wp\/v2\/types\/post"}],"author":[{"embeddable":true,"href":"https:\/\/varia.swieteniemcy.pl\/index.php\/wp-json\/wp\/v2\/users\/2"}],"replies":[{"embeddable":true,"href":"https:\/\/varia.swieteniemcy.pl\/index.php\/wp-json\/wp\/v2\/comments?post=121"}],"version-history":[{"count":8,"href":"https:\/\/varia.swieteniemcy.pl\/index.php\/wp-json\/wp\/v2\/posts\/121\/revisions"}],"predecessor-version":[{"id":377,"href":"https:\/\/varia.swieteniemcy.pl\/index.php\/wp-json\/wp\/v2\/posts\/121\/revisions\/377"}],"wp:attachment":[{"href":"https:\/\/varia.swieteniemcy.pl\/index.php\/wp-json\/wp\/v2\/media?parent=121"}],"wp:term":[{"taxonomy":"category","embeddable":true,"href":"https:\/\/varia.swieteniemcy.pl\/index.php\/wp-json\/wp\/v2\/categories?post=121"},{"taxonomy":"post_tag","embeddable":true,"href":"https:\/\/varia.swieteniemcy.pl\/index.php\/wp-json\/wp\/v2\/tags?post=121"}],"curies":[{"name":"wp","href":"https:\/\/api.w.org\/{rel}","templated":true}]}}