{"id":119,"date":"2021-05-08T07:40:20","date_gmt":"2021-05-08T07:40:20","guid":{"rendered":"https:\/\/swieteniemcy.pl\/?p=119"},"modified":"2021-06-07T06:11:12","modified_gmt":"2021-06-07T06:11:12","slug":"fragment-pierwszy","status":"publish","type":"post","link":"https:\/\/varia.swieteniemcy.pl\/index.php\/2021\/05\/08\/fragment-pierwszy\/","title":{"rendered":"Fragment rozdzia\u0142u 25 &#8211; &#8222;Na ratunek&#8221;"},"content":{"rendered":"\n<p><strong>Wybrany przez Yakubu<\/strong><\/p>\n\n\n\n<p class=\"has-large-font-size\">(&#8230;) <\/p>\n\n\n\n<p>Byli pierwsi. Samoch\u00f3d ze skaza\u0144cem jecha\u0142 normalnie, bez sygna\u0142u, przez co znacznie wolniej. Ekipa chronointerwencji stan\u0119\u0142a przy lesie, po prawej stronie szosy, na poboczu, z w\u0142\u0105czonym kogutem. Samochody je\u017adzi\u0142y normalnie, nikt si\u0119 nie zatrzymywa\u0142. Wi\u0119kszo\u015b\u0107 mieszka\u0144c\u00f3w \u015awi\u0119tych Niemiec unika\u0142a jak ognia zatrzymania przez BWP. Jak tylko profmastro zobaczy\u0142 w tekkomputilu sygna\u0142 zbli\u017caj\u0105cego si\u0119 Adama, da\u0142 znak swoim agentom. Ci wyj\u0119li z baga\u017cnika kilka s\u0142upk\u00f3w drogowych i postawili je na prawym pasie jezdni. Na \u015brodek wyszed\u0142 jeden z chronoagent\u00f3w, trzymaj\u0105c u\u017cywany w IV Rzeszy lizak policyjny. Droga by\u0142a prawie pusta, od czasu do czasu przejecha\u0142o jakie\u015b auto. Agent sprawnie manewrowa\u0142, wprowadzaj\u0105c ruch wahad\u0142owy dla zwyk\u0142ych pojazd\u00f3w. Samoch\u00f3d z Utkowskim si\u0119 zbli\u017ca\u0142. Jak tylko przekroczy\u0142 granic\u0119 lasu, Utkowski przez orgtel otrzyma\u0142 um\u00f3wiony znak \u2013 mia\u0142 zrobi\u0107 zamieszanie, aby tym bardziej skonfundowa\u0107 agent\u00f3w BWP.<\/p>\n\n\n\n<p>Adam zacz\u0105\u0142 si\u0119 uskar\u017ca\u0107 na b\u00f3l skutych r\u0105k i n\u00f3g, co zreszt\u0105 by\u0142o cz\u0119\u015bciowo zgodne z prawd\u0105. Porusza\u0142 si\u0119 niespokojnie. Obaj agenci na tylnym siedzeniu musieli go uspokaja\u0107. Tymczasem kierowca zauwa\u017cy\u0142, jak mu si\u0119 wydawa\u0142o, drugi w\u00f3z BWP oraz agenta na \u015brodku drogi z lizakiem w r\u0119ku, kt\u00f3ry dawa\u0142 sygna\u0142y do zjazdu na pobocze. Pas jezdni zablokowany by\u0142 s\u0142upkami drogowymi. Zastanowi\u0142 si\u0119\u2026 M\u00f3g\u0142 przejecha\u0107 przez s\u0142upki\u2026 m\u00f3g\u0142 skontaktowa\u0107 si\u0119 z central\u0105\u2026 m\u00f3g\u0142 poradzi\u0107 si\u0119 koleg\u00f3w\u2026 Nic z tego nie zrobi\u0142. Wszystko wygl\u0105da\u0142o jak niespodziewana, ale jednak akcja jego w\u0142asnej agencji. Czego mogli chcie\u0107 \u2013 zaraz si\u0119 dowie\u2026 Dodatkowo jego koledzy z ty\u0142u zaj\u0119ci byli uspokajaniem Utkowskiego. Jeden z konwojent\u00f3w tu\u017c przed tym, jak kierowca zauwa\u017cy\u0142 s\u0142upki na jezdni, rzuci\u0142 po niemiecku: \u201eZatrzymajmy si\u0119, kurwa, bo skurwiel szaleje! Zobaczmy, czy rzeczywi\u015bcie kajdanki a\u017c tak mu w\u0142a\u017c\u0105 w dup\u0119, \u017ce musi drze\u0107 tego ryja\u201d. <\/p>\n\n\n\n<p>Zjecha\u0142 na bok, nie gasz\u0105c silnika.<\/p>\n\n\n\n<p>W mgnieniu oka chronoagent b\u0119d\u0105cy kierowc\u0105 samochodu Wita wyskoczy\u0142 z niego i celnym bezd\u017awi\u0119cznym strza\u0142em z minitemiarki wprowadzi\u0142 kieruj\u0105cego wozem BWP w stan nieprzytomno\u015bci. Tyle \u017ce na kilkana\u015bcie sekund \u2013 wiedzia\u0142 bowiem, \u017ce miniTMA pauzuje tyle czasu (w konfiguracji \u2013 rozk\u0142ad pola na cia\u0142o cz\u0142owieka), bro\u0144 trzyma\u0142 wycelowan\u0105 w kierowc\u0119. Drugiego agenta BWP siedz\u0105cego z przodu celnie porazi\u0142 Wit, przez szyby, z przygotowanej wcze\u015bniej temiarki. Chronoagent, wci\u0105\u017c stoj\u0105cy na \u015brodku jezdni przy s\u0142upkach, rzuci\u0142 lizak i r\u00f3wnie celnie obezw\u0142adni\u0142 minitemiark\u0105 jednego z konwojent\u00f3w siedz\u0105cego na tylnym siedzeniu.<\/p>\n\n\n\n<p>(&#8230;)<\/p>\n","protected":false},"excerpt":{"rendered":"<p>Wybrany przez Yakubu (&#8230;) Byli pierwsi. Samoch\u00f3d ze skaza\u0144cem jecha\u0142 normalnie, bez sygna\u0142u, przez co znacznie wolniej. Ekipa chronointerwencji stan\u0119\u0142a przy lesie, po prawej stronie szosy, na poboczu, z w\u0142\u0105czonym kogutem. Samochody je\u017adzi\u0142y normalnie, nikt si\u0119 nie zatrzymywa\u0142. Wi\u0119kszo\u015b\u0107 mieszka\u0144c\u00f3w \u015awi\u0119tych Niemiec unika\u0142a jak ognia zatrzymania przez BWP. Jak tylko profmastro zobaczy\u0142 w tekkomputilu sygna\u0142 [&hellip;]<\/p>\n","protected":false},"author":2,"featured_media":0,"comment_status":"open","ping_status":"open","sticky":false,"template":"","format":"standard","meta":{"_et_pb_use_builder":"off","_et_pb_old_content":"<!-- wp:paragraph -->\n<p>To jest fragment powiesci swiete niemcy. zawiera troche dialgow oraz niektore inne rzeczy. byc moze bedzie jeszcze wiecej gdyz na  pewno przekracza 270 znakow. <\/p>\n<!-- \/wp:paragraph -->\n\n<!-- wp:paragraph -->\n<p>Tak wiec - hubba budda laba daba boo<\/p>\n<!-- \/wp:paragraph -->\n\n<!-- wp:paragraph -->\n<p>oraz dkfnd<\/p>\n<!-- \/wp:paragraph -->","_et_gb_content_width":"1080","footnotes":""},"categories":[8],"tags":[],"class_list":["post-119","post","type-post","status-publish","format-standard","hentry","category-sn-fragmenty"],"yoast_head":"<!-- This site is optimized with the Yoast SEO plugin v27.5 - https:\/\/yoast.com\/product\/yoast-seo-wordpress\/ -->\n<title>Fragment rozdzia\u0142u 25 - &quot;Na ratunek&quot; - \u015awi\u0119te Niemcy<\/title>\n<meta name=\"robots\" content=\"index, follow, max-snippet:-1, max-image-preview:large, max-video-preview:-1\" \/>\n<link rel=\"canonical\" href=\"https:\/\/varia.swieteniemcy.pl\/index.php\/2021\/05\/08\/fragment-pierwszy\/\" \/>\n<meta property=\"og:locale\" content=\"pl_PL\" \/>\n<meta property=\"og:type\" content=\"article\" \/>\n<meta property=\"og:title\" content=\"Fragment rozdzia\u0142u 25 - &quot;Na ratunek&quot; - \u015awi\u0119te Niemcy\" \/>\n<meta property=\"og:description\" content=\"Wybrany przez Yakubu (&#8230;) Byli pierwsi. Samoch\u00f3d ze skaza\u0144cem jecha\u0142 normalnie, bez sygna\u0142u, przez co znacznie wolniej. Ekipa chronointerwencji stan\u0119\u0142a przy lesie, po prawej stronie szosy, na poboczu, z w\u0142\u0105czonym kogutem. Samochody je\u017adzi\u0142y normalnie, nikt si\u0119 nie zatrzymywa\u0142. Wi\u0119kszo\u015b\u0107 mieszka\u0144c\u00f3w \u015awi\u0119tych Niemiec unika\u0142a jak ognia zatrzymania przez BWP. Jak tylko profmastro zobaczy\u0142 w tekkomputilu sygna\u0142 [&hellip;]\" \/>\n<meta property=\"og:url\" content=\"https:\/\/varia.swieteniemcy.pl\/index.php\/2021\/05\/08\/fragment-pierwszy\/\" \/>\n<meta property=\"og:site_name\" content=\"\u015awi\u0119te Niemcy\" \/>\n<meta property=\"article:published_time\" content=\"2021-05-08T07:40:20+00:00\" \/>\n<meta property=\"article:modified_time\" content=\"2021-06-07T06:11:12+00:00\" \/>\n<meta name=\"author\" content=\"deip\" \/>\n<meta name=\"twitter:card\" content=\"summary_large_image\" \/>\n<meta name=\"twitter:label1\" content=\"Napisane przez\" \/>\n\t<meta name=\"twitter:data1\" content=\"deip\" \/>\n\t<meta name=\"twitter:label2\" content=\"Szacowany czas czytania\" \/>\n\t<meta name=\"twitter:data2\" content=\"2 minuty\" \/>\n<script type=\"application\/ld+json\" class=\"yoast-schema-graph\">{\"@context\":\"https:\\\/\\\/schema.org\",\"@graph\":[{\"@type\":\"Article\",\"@id\":\"https:\\\/\\\/varia.swieteniemcy.pl\\\/index.php\\\/2021\\\/05\\\/08\\\/fragment-pierwszy\\\/#article\",\"isPartOf\":{\"@id\":\"https:\\\/\\\/varia.swieteniemcy.pl\\\/index.php\\\/2021\\\/05\\\/08\\\/fragment-pierwszy\\\/\"},\"author\":{\"name\":\"deip\",\"@id\":\"https:\\\/\\\/varia.swieteniemcy.pl\\\/#\\\/schema\\\/person\\\/aa61a70ad5ee70a0273524bd92806a65\"},\"headline\":\"Fragment rozdzia\u0142u 25 &#8211; &#8222;Na ratunek&#8221;\",\"datePublished\":\"2021-05-08T07:40:20+00:00\",\"dateModified\":\"2021-06-07T06:11:12+00:00\",\"mainEntityOfPage\":{\"@id\":\"https:\\\/\\\/varia.swieteniemcy.pl\\\/index.php\\\/2021\\\/05\\\/08\\\/fragment-pierwszy\\\/\"},\"wordCount\":450,\"commentCount\":0,\"articleSection\":[\"SN Fragmenty\"],\"inLanguage\":\"pl-PL\",\"potentialAction\":[{\"@type\":\"CommentAction\",\"name\":\"Comment\",\"target\":[\"https:\\\/\\\/varia.swieteniemcy.pl\\\/index.php\\\/2021\\\/05\\\/08\\\/fragment-pierwszy\\\/#respond\"]}]},{\"@type\":\"WebPage\",\"@id\":\"https:\\\/\\\/varia.swieteniemcy.pl\\\/index.php\\\/2021\\\/05\\\/08\\\/fragment-pierwszy\\\/\",\"url\":\"https:\\\/\\\/varia.swieteniemcy.pl\\\/index.php\\\/2021\\\/05\\\/08\\\/fragment-pierwszy\\\/\",\"name\":\"Fragment rozdzia\u0142u 25 - \\\"Na ratunek\\\" - \u015awi\u0119te Niemcy\",\"isPartOf\":{\"@id\":\"https:\\\/\\\/varia.swieteniemcy.pl\\\/#website\"},\"datePublished\":\"2021-05-08T07:40:20+00:00\",\"dateModified\":\"2021-06-07T06:11:12+00:00\",\"author\":{\"@id\":\"https:\\\/\\\/varia.swieteniemcy.pl\\\/#\\\/schema\\\/person\\\/aa61a70ad5ee70a0273524bd92806a65\"},\"breadcrumb\":{\"@id\":\"https:\\\/\\\/varia.swieteniemcy.pl\\\/index.php\\\/2021\\\/05\\\/08\\\/fragment-pierwszy\\\/#breadcrumb\"},\"inLanguage\":\"pl-PL\",\"potentialAction\":[{\"@type\":\"ReadAction\",\"target\":[\"https:\\\/\\\/varia.swieteniemcy.pl\\\/index.php\\\/2021\\\/05\\\/08\\\/fragment-pierwszy\\\/\"]}]},{\"@type\":\"BreadcrumbList\",\"@id\":\"https:\\\/\\\/varia.swieteniemcy.pl\\\/index.php\\\/2021\\\/05\\\/08\\\/fragment-pierwszy\\\/#breadcrumb\",\"itemListElement\":[{\"@type\":\"ListItem\",\"position\":1,\"name\":\"Strona g\u0142\u00f3wna\",\"item\":\"https:\\\/\\\/varia.swieteniemcy.pl\\\/\"},{\"@type\":\"ListItem\",\"position\":2,\"name\":\"Fragment rozdzia\u0142u 25 &#8211; &#8222;Na ratunek&#8221;\"}]},{\"@type\":\"WebSite\",\"@id\":\"https:\\\/\\\/varia.swieteniemcy.pl\\\/#website\",\"url\":\"https:\\\/\\\/varia.swieteniemcy.pl\\\/\",\"name\":\"\u015awi\u0119te Niemcy\",\"description\":\"\u015awi\u0119te Niemcy - powie\u015b\u0107 o IV Rzeszy, kt\u00f3rej terytoria zajmuj\u0105 tak\u017ce obszar dawnej Polski, obecnie zwanej Lechistanem\",\"potentialAction\":[{\"@type\":\"SearchAction\",\"target\":{\"@type\":\"EntryPoint\",\"urlTemplate\":\"https:\\\/\\\/varia.swieteniemcy.pl\\\/?s={search_term_string}\"},\"query-input\":{\"@type\":\"PropertyValueSpecification\",\"valueRequired\":true,\"valueName\":\"search_term_string\"}}],\"inLanguage\":\"pl-PL\"},{\"@type\":\"Person\",\"@id\":\"https:\\\/\\\/varia.swieteniemcy.pl\\\/#\\\/schema\\\/person\\\/aa61a70ad5ee70a0273524bd92806a65\",\"name\":\"deip\",\"image\":{\"@type\":\"ImageObject\",\"inLanguage\":\"pl-PL\",\"@id\":\"https:\\\/\\\/secure.gravatar.com\\\/avatar\\\/a3c7191fa9a2e0e499af9c2f9995d9f186be16247db24609592af795371634f0?s=96&d=mm&r=g\",\"url\":\"https:\\\/\\\/secure.gravatar.com\\\/avatar\\\/a3c7191fa9a2e0e499af9c2f9995d9f186be16247db24609592af795371634f0?s=96&d=mm&r=g\",\"contentUrl\":\"https:\\\/\\\/secure.gravatar.com\\\/avatar\\\/a3c7191fa9a2e0e499af9c2f9995d9f186be16247db24609592af795371634f0?s=96&d=mm&r=g\",\"caption\":\"deip\"},\"url\":\"https:\\\/\\\/varia.swieteniemcy.pl\\\/index.php\\\/author\\\/deip\\\/\"}]}<\/script>\n<!-- \/ Yoast SEO plugin. -->","yoast_head_json":{"title":"Fragment rozdzia\u0142u 25 - \"Na ratunek\" - \u015awi\u0119te Niemcy","robots":{"index":"index","follow":"follow","max-snippet":"max-snippet:-1","max-image-preview":"max-image-preview:large","max-video-preview":"max-video-preview:-1"},"canonical":"https:\/\/varia.swieteniemcy.pl\/index.php\/2021\/05\/08\/fragment-pierwszy\/","og_locale":"pl_PL","og_type":"article","og_title":"Fragment rozdzia\u0142u 25 - \"Na ratunek\" - \u015awi\u0119te Niemcy","og_description":"Wybrany przez Yakubu (&#8230;) Byli pierwsi. Samoch\u00f3d ze skaza\u0144cem jecha\u0142 normalnie, bez sygna\u0142u, przez co znacznie wolniej. Ekipa chronointerwencji stan\u0119\u0142a przy lesie, po prawej stronie szosy, na poboczu, z w\u0142\u0105czonym kogutem. Samochody je\u017adzi\u0142y normalnie, nikt si\u0119 nie zatrzymywa\u0142. Wi\u0119kszo\u015b\u0107 mieszka\u0144c\u00f3w \u015awi\u0119tych Niemiec unika\u0142a jak ognia zatrzymania przez BWP. Jak tylko profmastro zobaczy\u0142 w tekkomputilu sygna\u0142 [&hellip;]","og_url":"https:\/\/varia.swieteniemcy.pl\/index.php\/2021\/05\/08\/fragment-pierwszy\/","og_site_name":"\u015awi\u0119te Niemcy","article_published_time":"2021-05-08T07:40:20+00:00","article_modified_time":"2021-06-07T06:11:12+00:00","author":"deip","twitter_card":"summary_large_image","twitter_misc":{"Napisane przez":"deip","Szacowany czas czytania":"2 minuty"},"schema":{"@context":"https:\/\/schema.org","@graph":[{"@type":"Article","@id":"https:\/\/varia.swieteniemcy.pl\/index.php\/2021\/05\/08\/fragment-pierwszy\/#article","isPartOf":{"@id":"https:\/\/varia.swieteniemcy.pl\/index.php\/2021\/05\/08\/fragment-pierwszy\/"},"author":{"name":"deip","@id":"https:\/\/varia.swieteniemcy.pl\/#\/schema\/person\/aa61a70ad5ee70a0273524bd92806a65"},"headline":"Fragment rozdzia\u0142u 25 &#8211; &#8222;Na ratunek&#8221;","datePublished":"2021-05-08T07:40:20+00:00","dateModified":"2021-06-07T06:11:12+00:00","mainEntityOfPage":{"@id":"https:\/\/varia.swieteniemcy.pl\/index.php\/2021\/05\/08\/fragment-pierwszy\/"},"wordCount":450,"commentCount":0,"articleSection":["SN Fragmenty"],"inLanguage":"pl-PL","potentialAction":[{"@type":"CommentAction","name":"Comment","target":["https:\/\/varia.swieteniemcy.pl\/index.php\/2021\/05\/08\/fragment-pierwszy\/#respond"]}]},{"@type":"WebPage","@id":"https:\/\/varia.swieteniemcy.pl\/index.php\/2021\/05\/08\/fragment-pierwszy\/","url":"https:\/\/varia.swieteniemcy.pl\/index.php\/2021\/05\/08\/fragment-pierwszy\/","name":"Fragment rozdzia\u0142u 25 - \"Na ratunek\" - \u015awi\u0119te Niemcy","isPartOf":{"@id":"https:\/\/varia.swieteniemcy.pl\/#website"},"datePublished":"2021-05-08T07:40:20+00:00","dateModified":"2021-06-07T06:11:12+00:00","author":{"@id":"https:\/\/varia.swieteniemcy.pl\/#\/schema\/person\/aa61a70ad5ee70a0273524bd92806a65"},"breadcrumb":{"@id":"https:\/\/varia.swieteniemcy.pl\/index.php\/2021\/05\/08\/fragment-pierwszy\/#breadcrumb"},"inLanguage":"pl-PL","potentialAction":[{"@type":"ReadAction","target":["https:\/\/varia.swieteniemcy.pl\/index.php\/2021\/05\/08\/fragment-pierwszy\/"]}]},{"@type":"BreadcrumbList","@id":"https:\/\/varia.swieteniemcy.pl\/index.php\/2021\/05\/08\/fragment-pierwszy\/#breadcrumb","itemListElement":[{"@type":"ListItem","position":1,"name":"Strona g\u0142\u00f3wna","item":"https:\/\/varia.swieteniemcy.pl\/"},{"@type":"ListItem","position":2,"name":"Fragment rozdzia\u0142u 25 &#8211; &#8222;Na ratunek&#8221;"}]},{"@type":"WebSite","@id":"https:\/\/varia.swieteniemcy.pl\/#website","url":"https:\/\/varia.swieteniemcy.pl\/","name":"\u015awi\u0119te Niemcy","description":"\u015awi\u0119te Niemcy - powie\u015b\u0107 o IV Rzeszy, kt\u00f3rej terytoria zajmuj\u0105 tak\u017ce obszar dawnej Polski, obecnie zwanej Lechistanem","potentialAction":[{"@type":"SearchAction","target":{"@type":"EntryPoint","urlTemplate":"https:\/\/varia.swieteniemcy.pl\/?s={search_term_string}"},"query-input":{"@type":"PropertyValueSpecification","valueRequired":true,"valueName":"search_term_string"}}],"inLanguage":"pl-PL"},{"@type":"Person","@id":"https:\/\/varia.swieteniemcy.pl\/#\/schema\/person\/aa61a70ad5ee70a0273524bd92806a65","name":"deip","image":{"@type":"ImageObject","inLanguage":"pl-PL","@id":"https:\/\/secure.gravatar.com\/avatar\/a3c7191fa9a2e0e499af9c2f9995d9f186be16247db24609592af795371634f0?s=96&d=mm&r=g","url":"https:\/\/secure.gravatar.com\/avatar\/a3c7191fa9a2e0e499af9c2f9995d9f186be16247db24609592af795371634f0?s=96&d=mm&r=g","contentUrl":"https:\/\/secure.gravatar.com\/avatar\/a3c7191fa9a2e0e499af9c2f9995d9f186be16247db24609592af795371634f0?s=96&d=mm&r=g","caption":"deip"},"url":"https:\/\/varia.swieteniemcy.pl\/index.php\/author\/deip\/"}]}},"_links":{"self":[{"href":"https:\/\/varia.swieteniemcy.pl\/index.php\/wp-json\/wp\/v2\/posts\/119","targetHints":{"allow":["GET"]}}],"collection":[{"href":"https:\/\/varia.swieteniemcy.pl\/index.php\/wp-json\/wp\/v2\/posts"}],"about":[{"href":"https:\/\/varia.swieteniemcy.pl\/index.php\/wp-json\/wp\/v2\/types\/post"}],"author":[{"embeddable":true,"href":"https:\/\/varia.swieteniemcy.pl\/index.php\/wp-json\/wp\/v2\/users\/2"}],"replies":[{"embeddable":true,"href":"https:\/\/varia.swieteniemcy.pl\/index.php\/wp-json\/wp\/v2\/comments?post=119"}],"version-history":[{"count":5,"href":"https:\/\/varia.swieteniemcy.pl\/index.php\/wp-json\/wp\/v2\/posts\/119\/revisions"}],"predecessor-version":[{"id":341,"href":"https:\/\/varia.swieteniemcy.pl\/index.php\/wp-json\/wp\/v2\/posts\/119\/revisions\/341"}],"wp:attachment":[{"href":"https:\/\/varia.swieteniemcy.pl\/index.php\/wp-json\/wp\/v2\/media?parent=119"}],"wp:term":[{"taxonomy":"category","embeddable":true,"href":"https:\/\/varia.swieteniemcy.pl\/index.php\/wp-json\/wp\/v2\/categories?post=119"},{"taxonomy":"post_tag","embeddable":true,"href":"https:\/\/varia.swieteniemcy.pl\/index.php\/wp-json\/wp\/v2\/tags?post=119"}],"curies":[{"name":"wp","href":"https:\/\/api.w.org\/{rel}","templated":true}]}}