{"id":1164,"date":"2021-11-15T17:56:48","date_gmt":"2021-11-15T17:56:48","guid":{"rendered":"https:\/\/swieteniemcy.pl\/?p=1164"},"modified":"2021-11-15T22:37:04","modified_gmt":"2021-11-15T22:37:04","slug":"recenzja-2","status":"publish","type":"post","link":"https:\/\/varia.swieteniemcy.pl\/index.php\/2021\/11\/15\/recenzja-2\/","title":{"rendered":"Wra\u017cenia znajomych."},"content":{"rendered":"\n<p>Gdy us\u0142ysza\u0142em, \u017ce lekarz pisze ksi\u0105\u017ck\u0119&#8230;, science-fiction&#8230;, o tytule \u201e\u015awi\u0119te Niemcy\u201d&#8230;, pomy\u015bla\u0142em &#8211; b\u0119dzie grubo, b\u0119d\u0105 jaja&#8230; Po co mu to?\u00a0<br>Myli\u0142em si\u0119. Obowi\u0105zkowa pozycja do przeczytania.   __[j.s.]<\/p>\n\n\n\n<p><\/p>\n\n\n\n<p><\/p>\n\n\n\n<p>Co to s\u0105 mieszane uczucia? Gdy twoja te\u015bciowa spadnie ze skarpy twoim najnowszym Porsche. Takie uczucia mia\u0142em gdy dowiedzia\u0142em si\u0119 o tej ksi\u0105\u017cce. Po jej przeczytaniu okazuje si\u0119, \u017ce i te\u015bciowa i Porsche s\u0105 ca\u0142e:)     __[p.c.]                                             <\/p>\n\n\n\n<p><\/p>\n\n\n\n<p><\/p>\n\n\n\n<p>Niekt\u00f3rzy nie znosz\u0105 Wojciecha Cejrowskiego jako dziennikarza, ale kochaj\u0105 czyta\u0107 i s\u0142ucha\u0107 o jego podr\u00f3\u017cach. Wydawa\u0107 by si\u0119 mog\u0142o, \u017ce ci\u0119\u017cko by\u0107 dobrym w kilku dziedzinach&#8230; W przypadku \u201e\u015awi\u0119tych Niemiec\u201d lekarz pisze \u015bwietn\u0105 ksi\u0105\u017ck\u0119.                             __[fafik]<\/p>\n\n\n\n<p><\/p>\n","protected":false},"excerpt":{"rendered":"<p>Gdy us\u0142ysza\u0142em, \u017ce lekarz pisze ksi\u0105\u017ck\u0119&#8230;, science-fiction&#8230;, o tytule \u201e\u015awi\u0119te Niemcy\u201d&#8230;, pomy\u015bla\u0142em &#8211; b\u0119dzie grubo, b\u0119d\u0105 jaja&#8230; Po co mu to?\u00a0Myli\u0142em si\u0119. Obowi\u0105zkowa pozycja do przeczytania. __[j.s.] Co to s\u0105 mieszane uczucia? Gdy twoja te\u015bciowa spadnie ze skarpy twoim najnowszym Porsche. Takie uczucia mia\u0142em gdy dowiedzia\u0142em si\u0119 o tej ksi\u0105\u017cce. Po jej przeczytaniu okazuje si\u0119, [&hellip;]<\/p>\n","protected":false},"author":2,"featured_media":0,"comment_status":"open","ping_status":"open","sticky":false,"template":"","format":"standard","meta":{"_et_pb_use_builder":"off","_et_pb_old_content":"","_et_gb_content_width":"","footnotes":""},"categories":[20],"tags":[],"class_list":["post-1164","post","type-post","status-publish","format-standard","hentry","category-recenzje"],"yoast_head":"<!-- This site is optimized with the Yoast SEO plugin v27.4 - https:\/\/yoast.com\/product\/yoast-seo-wordpress\/ -->\n<title>Wra\u017cenia znajomych. - \u015awi\u0119te Niemcy<\/title>\n<meta name=\"robots\" content=\"index, follow, max-snippet:-1, max-image-preview:large, max-video-preview:-1\" \/>\n<link rel=\"canonical\" href=\"https:\/\/varia.swieteniemcy.pl\/index.php\/2021\/11\/15\/recenzja-2\/\" \/>\n<meta property=\"og:locale\" content=\"pl_PL\" \/>\n<meta property=\"og:type\" content=\"article\" \/>\n<meta property=\"og:title\" content=\"Wra\u017cenia znajomych. - \u015awi\u0119te Niemcy\" \/>\n<meta property=\"og:description\" content=\"Gdy us\u0142ysza\u0142em, \u017ce lekarz pisze ksi\u0105\u017ck\u0119&#8230;, science-fiction&#8230;, o tytule \u201e\u015awi\u0119te Niemcy\u201d&#8230;, pomy\u015bla\u0142em &#8211; b\u0119dzie grubo, b\u0119d\u0105 jaja&#8230; Po co mu to?\u00a0Myli\u0142em si\u0119. Obowi\u0105zkowa pozycja do przeczytania. __[j.s.] Co to s\u0105 mieszane uczucia? Gdy twoja te\u015bciowa spadnie ze skarpy twoim najnowszym Porsche. Takie uczucia mia\u0142em gdy dowiedzia\u0142em si\u0119 o tej ksi\u0105\u017cce. Po jej przeczytaniu okazuje si\u0119, [&hellip;]\" \/>\n<meta property=\"og:url\" content=\"https:\/\/varia.swieteniemcy.pl\/index.php\/2021\/11\/15\/recenzja-2\/\" \/>\n<meta property=\"og:site_name\" content=\"\u015awi\u0119te Niemcy\" \/>\n<meta property=\"article:published_time\" content=\"2021-11-15T17:56:48+00:00\" \/>\n<meta property=\"article:modified_time\" content=\"2021-11-15T22:37:04+00:00\" \/>\n<meta name=\"author\" content=\"deip\" \/>\n<meta name=\"twitter:card\" content=\"summary_large_image\" \/>\n<meta name=\"twitter:label1\" content=\"Napisane przez\" \/>\n\t<meta name=\"twitter:data1\" content=\"deip\" \/>\n\t<meta name=\"twitter:label2\" content=\"Szacowany czas czytania\" \/>\n\t<meta name=\"twitter:data2\" content=\"1 minuta\" \/>\n<script type=\"application\/ld+json\" class=\"yoast-schema-graph\">{\"@context\":\"https:\\\/\\\/schema.org\",\"@graph\":[{\"@type\":\"Article\",\"@id\":\"https:\\\/\\\/varia.swieteniemcy.pl\\\/index.php\\\/2021\\\/11\\\/15\\\/recenzja-2\\\/#article\",\"isPartOf\":{\"@id\":\"https:\\\/\\\/varia.swieteniemcy.pl\\\/index.php\\\/2021\\\/11\\\/15\\\/recenzja-2\\\/\"},\"author\":{\"name\":\"deip\",\"@id\":\"https:\\\/\\\/varia.swieteniemcy.pl\\\/#\\\/schema\\\/person\\\/aa61a70ad5ee70a0273524bd92806a65\"},\"headline\":\"Wra\u017cenia znajomych.\",\"datePublished\":\"2021-11-15T17:56:48+00:00\",\"dateModified\":\"2021-11-15T22:37:04+00:00\",\"mainEntityOfPage\":{\"@id\":\"https:\\\/\\\/varia.swieteniemcy.pl\\\/index.php\\\/2021\\\/11\\\/15\\\/recenzja-2\\\/\"},\"wordCount\":127,\"commentCount\":0,\"articleSection\":[\"SN Recenzje\"],\"inLanguage\":\"pl-PL\",\"potentialAction\":[{\"@type\":\"CommentAction\",\"name\":\"Comment\",\"target\":[\"https:\\\/\\\/varia.swieteniemcy.pl\\\/index.php\\\/2021\\\/11\\\/15\\\/recenzja-2\\\/#respond\"]}]},{\"@type\":\"WebPage\",\"@id\":\"https:\\\/\\\/varia.swieteniemcy.pl\\\/index.php\\\/2021\\\/11\\\/15\\\/recenzja-2\\\/\",\"url\":\"https:\\\/\\\/varia.swieteniemcy.pl\\\/index.php\\\/2021\\\/11\\\/15\\\/recenzja-2\\\/\",\"name\":\"Wra\u017cenia znajomych. - \u015awi\u0119te Niemcy\",\"isPartOf\":{\"@id\":\"https:\\\/\\\/varia.swieteniemcy.pl\\\/#website\"},\"datePublished\":\"2021-11-15T17:56:48+00:00\",\"dateModified\":\"2021-11-15T22:37:04+00:00\",\"author\":{\"@id\":\"https:\\\/\\\/varia.swieteniemcy.pl\\\/#\\\/schema\\\/person\\\/aa61a70ad5ee70a0273524bd92806a65\"},\"breadcrumb\":{\"@id\":\"https:\\\/\\\/varia.swieteniemcy.pl\\\/index.php\\\/2021\\\/11\\\/15\\\/recenzja-2\\\/#breadcrumb\"},\"inLanguage\":\"pl-PL\",\"potentialAction\":[{\"@type\":\"ReadAction\",\"target\":[\"https:\\\/\\\/varia.swieteniemcy.pl\\\/index.php\\\/2021\\\/11\\\/15\\\/recenzja-2\\\/\"]}]},{\"@type\":\"BreadcrumbList\",\"@id\":\"https:\\\/\\\/varia.swieteniemcy.pl\\\/index.php\\\/2021\\\/11\\\/15\\\/recenzja-2\\\/#breadcrumb\",\"itemListElement\":[{\"@type\":\"ListItem\",\"position\":1,\"name\":\"Strona g\u0142\u00f3wna\",\"item\":\"https:\\\/\\\/varia.swieteniemcy.pl\\\/\"},{\"@type\":\"ListItem\",\"position\":2,\"name\":\"Wra\u017cenia znajomych.\"}]},{\"@type\":\"WebSite\",\"@id\":\"https:\\\/\\\/varia.swieteniemcy.pl\\\/#website\",\"url\":\"https:\\\/\\\/varia.swieteniemcy.pl\\\/\",\"name\":\"\u015awi\u0119te Niemcy\",\"description\":\"\u015awi\u0119te Niemcy - powie\u015b\u0107 o IV Rzeszy, kt\u00f3rej terytoria zajmuj\u0105 tak\u017ce obszar dawnej Polski, obecnie zwanej Lechistanem\",\"potentialAction\":[{\"@type\":\"SearchAction\",\"target\":{\"@type\":\"EntryPoint\",\"urlTemplate\":\"https:\\\/\\\/varia.swieteniemcy.pl\\\/?s={search_term_string}\"},\"query-input\":{\"@type\":\"PropertyValueSpecification\",\"valueRequired\":true,\"valueName\":\"search_term_string\"}}],\"inLanguage\":\"pl-PL\"},{\"@type\":\"Person\",\"@id\":\"https:\\\/\\\/varia.swieteniemcy.pl\\\/#\\\/schema\\\/person\\\/aa61a70ad5ee70a0273524bd92806a65\",\"name\":\"deip\",\"image\":{\"@type\":\"ImageObject\",\"inLanguage\":\"pl-PL\",\"@id\":\"https:\\\/\\\/secure.gravatar.com\\\/avatar\\\/a3c7191fa9a2e0e499af9c2f9995d9f186be16247db24609592af795371634f0?s=96&d=mm&r=g\",\"url\":\"https:\\\/\\\/secure.gravatar.com\\\/avatar\\\/a3c7191fa9a2e0e499af9c2f9995d9f186be16247db24609592af795371634f0?s=96&d=mm&r=g\",\"contentUrl\":\"https:\\\/\\\/secure.gravatar.com\\\/avatar\\\/a3c7191fa9a2e0e499af9c2f9995d9f186be16247db24609592af795371634f0?s=96&d=mm&r=g\",\"caption\":\"deip\"},\"url\":\"https:\\\/\\\/varia.swieteniemcy.pl\\\/index.php\\\/author\\\/deip\\\/\"}]}<\/script>\n<!-- \/ Yoast SEO plugin. -->","yoast_head_json":{"title":"Wra\u017cenia znajomych. - \u015awi\u0119te Niemcy","robots":{"index":"index","follow":"follow","max-snippet":"max-snippet:-1","max-image-preview":"max-image-preview:large","max-video-preview":"max-video-preview:-1"},"canonical":"https:\/\/varia.swieteniemcy.pl\/index.php\/2021\/11\/15\/recenzja-2\/","og_locale":"pl_PL","og_type":"article","og_title":"Wra\u017cenia znajomych. - \u015awi\u0119te Niemcy","og_description":"Gdy us\u0142ysza\u0142em, \u017ce lekarz pisze ksi\u0105\u017ck\u0119&#8230;, science-fiction&#8230;, o tytule \u201e\u015awi\u0119te Niemcy\u201d&#8230;, pomy\u015bla\u0142em &#8211; b\u0119dzie grubo, b\u0119d\u0105 jaja&#8230; Po co mu to?\u00a0Myli\u0142em si\u0119. Obowi\u0105zkowa pozycja do przeczytania. __[j.s.] Co to s\u0105 mieszane uczucia? Gdy twoja te\u015bciowa spadnie ze skarpy twoim najnowszym Porsche. Takie uczucia mia\u0142em gdy dowiedzia\u0142em si\u0119 o tej ksi\u0105\u017cce. Po jej przeczytaniu okazuje si\u0119, [&hellip;]","og_url":"https:\/\/varia.swieteniemcy.pl\/index.php\/2021\/11\/15\/recenzja-2\/","og_site_name":"\u015awi\u0119te Niemcy","article_published_time":"2021-11-15T17:56:48+00:00","article_modified_time":"2021-11-15T22:37:04+00:00","author":"deip","twitter_card":"summary_large_image","twitter_misc":{"Napisane przez":"deip","Szacowany czas czytania":"1 minuta"},"schema":{"@context":"https:\/\/schema.org","@graph":[{"@type":"Article","@id":"https:\/\/varia.swieteniemcy.pl\/index.php\/2021\/11\/15\/recenzja-2\/#article","isPartOf":{"@id":"https:\/\/varia.swieteniemcy.pl\/index.php\/2021\/11\/15\/recenzja-2\/"},"author":{"name":"deip","@id":"https:\/\/varia.swieteniemcy.pl\/#\/schema\/person\/aa61a70ad5ee70a0273524bd92806a65"},"headline":"Wra\u017cenia znajomych.","datePublished":"2021-11-15T17:56:48+00:00","dateModified":"2021-11-15T22:37:04+00:00","mainEntityOfPage":{"@id":"https:\/\/varia.swieteniemcy.pl\/index.php\/2021\/11\/15\/recenzja-2\/"},"wordCount":127,"commentCount":0,"articleSection":["SN Recenzje"],"inLanguage":"pl-PL","potentialAction":[{"@type":"CommentAction","name":"Comment","target":["https:\/\/varia.swieteniemcy.pl\/index.php\/2021\/11\/15\/recenzja-2\/#respond"]}]},{"@type":"WebPage","@id":"https:\/\/varia.swieteniemcy.pl\/index.php\/2021\/11\/15\/recenzja-2\/","url":"https:\/\/varia.swieteniemcy.pl\/index.php\/2021\/11\/15\/recenzja-2\/","name":"Wra\u017cenia znajomych. - \u015awi\u0119te Niemcy","isPartOf":{"@id":"https:\/\/varia.swieteniemcy.pl\/#website"},"datePublished":"2021-11-15T17:56:48+00:00","dateModified":"2021-11-15T22:37:04+00:00","author":{"@id":"https:\/\/varia.swieteniemcy.pl\/#\/schema\/person\/aa61a70ad5ee70a0273524bd92806a65"},"breadcrumb":{"@id":"https:\/\/varia.swieteniemcy.pl\/index.php\/2021\/11\/15\/recenzja-2\/#breadcrumb"},"inLanguage":"pl-PL","potentialAction":[{"@type":"ReadAction","target":["https:\/\/varia.swieteniemcy.pl\/index.php\/2021\/11\/15\/recenzja-2\/"]}]},{"@type":"BreadcrumbList","@id":"https:\/\/varia.swieteniemcy.pl\/index.php\/2021\/11\/15\/recenzja-2\/#breadcrumb","itemListElement":[{"@type":"ListItem","position":1,"name":"Strona g\u0142\u00f3wna","item":"https:\/\/varia.swieteniemcy.pl\/"},{"@type":"ListItem","position":2,"name":"Wra\u017cenia znajomych."}]},{"@type":"WebSite","@id":"https:\/\/varia.swieteniemcy.pl\/#website","url":"https:\/\/varia.swieteniemcy.pl\/","name":"\u015awi\u0119te Niemcy","description":"\u015awi\u0119te Niemcy - powie\u015b\u0107 o IV Rzeszy, kt\u00f3rej terytoria zajmuj\u0105 tak\u017ce obszar dawnej Polski, obecnie zwanej Lechistanem","potentialAction":[{"@type":"SearchAction","target":{"@type":"EntryPoint","urlTemplate":"https:\/\/varia.swieteniemcy.pl\/?s={search_term_string}"},"query-input":{"@type":"PropertyValueSpecification","valueRequired":true,"valueName":"search_term_string"}}],"inLanguage":"pl-PL"},{"@type":"Person","@id":"https:\/\/varia.swieteniemcy.pl\/#\/schema\/person\/aa61a70ad5ee70a0273524bd92806a65","name":"deip","image":{"@type":"ImageObject","inLanguage":"pl-PL","@id":"https:\/\/secure.gravatar.com\/avatar\/a3c7191fa9a2e0e499af9c2f9995d9f186be16247db24609592af795371634f0?s=96&d=mm&r=g","url":"https:\/\/secure.gravatar.com\/avatar\/a3c7191fa9a2e0e499af9c2f9995d9f186be16247db24609592af795371634f0?s=96&d=mm&r=g","contentUrl":"https:\/\/secure.gravatar.com\/avatar\/a3c7191fa9a2e0e499af9c2f9995d9f186be16247db24609592af795371634f0?s=96&d=mm&r=g","caption":"deip"},"url":"https:\/\/varia.swieteniemcy.pl\/index.php\/author\/deip\/"}]}},"_links":{"self":[{"href":"https:\/\/varia.swieteniemcy.pl\/index.php\/wp-json\/wp\/v2\/posts\/1164","targetHints":{"allow":["GET"]}}],"collection":[{"href":"https:\/\/varia.swieteniemcy.pl\/index.php\/wp-json\/wp\/v2\/posts"}],"about":[{"href":"https:\/\/varia.swieteniemcy.pl\/index.php\/wp-json\/wp\/v2\/types\/post"}],"author":[{"embeddable":true,"href":"https:\/\/varia.swieteniemcy.pl\/index.php\/wp-json\/wp\/v2\/users\/2"}],"replies":[{"embeddable":true,"href":"https:\/\/varia.swieteniemcy.pl\/index.php\/wp-json\/wp\/v2\/comments?post=1164"}],"version-history":[{"count":6,"href":"https:\/\/varia.swieteniemcy.pl\/index.php\/wp-json\/wp\/v2\/posts\/1164\/revisions"}],"predecessor-version":[{"id":1202,"href":"https:\/\/varia.swieteniemcy.pl\/index.php\/wp-json\/wp\/v2\/posts\/1164\/revisions\/1202"}],"wp:attachment":[{"href":"https:\/\/varia.swieteniemcy.pl\/index.php\/wp-json\/wp\/v2\/media?parent=1164"}],"wp:term":[{"taxonomy":"category","embeddable":true,"href":"https:\/\/varia.swieteniemcy.pl\/index.php\/wp-json\/wp\/v2\/categories?post=1164"},{"taxonomy":"post_tag","embeddable":true,"href":"https:\/\/varia.swieteniemcy.pl\/index.php\/wp-json\/wp\/v2\/tags?post=1164"}],"curies":[{"name":"wp","href":"https:\/\/api.w.org\/{rel}","templated":true}]}}