{"id":1161,"date":"2021-11-15T17:54:08","date_gmt":"2021-11-15T17:54:08","guid":{"rendered":"https:\/\/swieteniemcy.pl\/?p=1161"},"modified":"2021-11-15T17:54:09","modified_gmt":"2021-11-15T17:54:09","slug":"recenzja","status":"publish","type":"post","link":"https:\/\/varia.swieteniemcy.pl\/index.php\/2021\/11\/15\/recenzja\/","title":{"rendered":"Recenzja"},"content":{"rendered":"\n<p>Przeczyta\u0142am dwa rozdzia\u0142y \u015awi\u0119tych Niemiec i jestem nie tylko oczarowana tre\u015bci\u0105, ale te\u017c nie mog\u0119 doczeka\u0107 si\u0119 jutra, kiedy wieczorem doczytam reszt\u0119 &#8211; lub cho\u0107by kolejn\u0105 cz\u0119\u015b\u0107. Niestety, jutro ju\u017c do pracy \ud83d\ude42<br>To co na ju\u017c mog\u0119 ci napisa\u0107 &#8211; jest bardzo realistyczna, po\u0142yka si\u0119 j\u0105 dos\u0142ownie w ca\u0142o\u015bci. Nigdy nie czyta\u0142am ksi\u0105\u017cek Science Fiction, jednak ta \u0142\u0105czy ze sob\u0105 histori\u0119 osadzon\u0105 w tera\u017aniejszo\u015bci. Dodatkowo ja bardzo lubi\u0119 dokumenty (jak cho\u0107by opowie\u015bci o Czarnobylu) i filmy psychologiczne (Efekt Motyla), gdzie g\u0142\u00f3wny bohater cofn\u0105\u0142 si\u0119 w przesz\u0142o\u015b\u0107. Wow, widza medyczna, kt\u00f3r\u0105 zawar\u0142e\u015b w ksi\u0105\u017cce &#8211; to wszystko sprawia a nawet mam takie wra\u017cenie, \u017ce ze \u015awi\u0119tych Niemiec powsta\u0142by \u015bwietny film! S\u0142owa niemieckie zrozumie nawet laik pos\u0142uguj\u0105c si\u0119 przypisami.&nbsp;<\/p>\n\n\n\n<p>Zaskoczy\u0142y mnie bardzo realistyczne por\u00f3wnania &#8211; komora gazowa z czas\u00f3w drugiej wojny \u015bwiatowej a komora gazowa z monitorowaniem funkcji \u017cyciowych i oszukanie najnowszej technologii. Podzielenie obywateli na obywateli, rezydent\u00f3w i zajmuj\u0105cych i te ca\u0142e kolekcje ubra\u0144 z naszywkami &#8211; no wow. W og\u00f3le po\u0142\u0105czenie tych dw\u00f3ch \u015bwiat\u00f3w &#8211; ja zawsze podziwia\u0142am ludzi, kt\u00f3rzy wymy\u015blaj\u0105 historie na poczekaniu. Ja tak nie umiem.<br>Do tego motyw humorystyczny z &#8222;Kurskim&#8221; i te kodowanie kana\u0142\u00f3w znane z czas\u00f3w muru Berli\u0144skiego, kiedy Niemcy podzielone by\u0142y na nowoczesne i te niestety biedne. Ten podzia\u0142 obywateli kojarzy mi si\u0119 bardzo z dzisiejszym &#8222;segregowaniem&#8221; na szczepionych i nieszczepionych. Co staje si\u0119 coraz bardziej realne na przyk\u0142adzie Francji. &#8222;Dewiacje&#8221; seksualne, kt\u00f3re dzi\u015b nawet nie s\u0105 uznawane za zaburzenia&#8230;&nbsp;<\/p>\n\n\n\n<p>Jestem bardzo ciekawa w\u0105tku z Hannah \ud83d\ude42 &#8211; te spojrzenie na dziewczyn\u0119 m\u00f3g\u0142 tylko opisa\u0107 facet! \ud83d\ude09<br>I polski kraj, kt\u00f3ry niby istnia\u0142, ale nie do ko\u0144ca. Wszystko pod przykrywk\u0105 dba\u0142o\u015bci ludzi i dla ich dobra po niemiecku.\u00a0<\/p>\n\n\n\n<p>[A.D.]<\/p>\n","protected":false},"excerpt":{"rendered":"<p>Przeczyta\u0142am dwa rozdzia\u0142y \u015awi\u0119tych Niemiec i jestem nie tylko oczarowana tre\u015bci\u0105, ale te\u017c nie mog\u0119 doczeka\u0107 si\u0119 jutra, kiedy wieczorem doczytam reszt\u0119 &#8211; lub cho\u0107by kolejn\u0105 cz\u0119\u015b\u0107. Niestety, jutro ju\u017c do pracy \ud83d\ude42To co na ju\u017c mog\u0119 ci napisa\u0107 &#8211; jest bardzo realistyczna, po\u0142yka si\u0119 j\u0105 dos\u0142ownie w ca\u0142o\u015bci. Nigdy nie czyta\u0142am ksi\u0105\u017cek Science Fiction, [&hellip;]<\/p>\n","protected":false},"author":2,"featured_media":0,"comment_status":"open","ping_status":"open","sticky":false,"template":"","format":"standard","meta":{"_et_pb_use_builder":"","_et_pb_old_content":"","_et_gb_content_width":"","footnotes":""},"categories":[20],"tags":[],"class_list":["post-1161","post","type-post","status-publish","format-standard","hentry","category-recenzje"],"yoast_head":"<!-- This site is optimized with the Yoast SEO plugin v27.4 - https:\/\/yoast.com\/product\/yoast-seo-wordpress\/ -->\n<title>Recenzja - \u015awi\u0119te Niemcy<\/title>\n<meta name=\"robots\" content=\"index, follow, max-snippet:-1, max-image-preview:large, max-video-preview:-1\" \/>\n<link rel=\"canonical\" href=\"https:\/\/varia.swieteniemcy.pl\/index.php\/2021\/11\/15\/recenzja\/\" \/>\n<meta property=\"og:locale\" content=\"pl_PL\" \/>\n<meta property=\"og:type\" content=\"article\" \/>\n<meta property=\"og:title\" content=\"Recenzja - \u015awi\u0119te Niemcy\" \/>\n<meta property=\"og:description\" content=\"Przeczyta\u0142am dwa rozdzia\u0142y \u015awi\u0119tych Niemiec i jestem nie tylko oczarowana tre\u015bci\u0105, ale te\u017c nie mog\u0119 doczeka\u0107 si\u0119 jutra, kiedy wieczorem doczytam reszt\u0119 &#8211; lub cho\u0107by kolejn\u0105 cz\u0119\u015b\u0107. Niestety, jutro ju\u017c do pracy \ud83d\ude42To co na ju\u017c mog\u0119 ci napisa\u0107 &#8211; jest bardzo realistyczna, po\u0142yka si\u0119 j\u0105 dos\u0142ownie w ca\u0142o\u015bci. Nigdy nie czyta\u0142am ksi\u0105\u017cek Science Fiction, [&hellip;]\" \/>\n<meta property=\"og:url\" content=\"https:\/\/varia.swieteniemcy.pl\/index.php\/2021\/11\/15\/recenzja\/\" \/>\n<meta property=\"og:site_name\" content=\"\u015awi\u0119te Niemcy\" \/>\n<meta property=\"article:published_time\" content=\"2021-11-15T17:54:08+00:00\" \/>\n<meta property=\"article:modified_time\" content=\"2021-11-15T17:54:09+00:00\" \/>\n<meta name=\"author\" content=\"deip\" \/>\n<meta name=\"twitter:card\" content=\"summary_large_image\" \/>\n<meta name=\"twitter:label1\" content=\"Napisane przez\" \/>\n\t<meta name=\"twitter:data1\" content=\"deip\" \/>\n\t<meta name=\"twitter:label2\" content=\"Szacowany czas czytania\" \/>\n\t<meta name=\"twitter:data2\" content=\"2 minuty\" \/>\n<script type=\"application\/ld+json\" class=\"yoast-schema-graph\">{\"@context\":\"https:\\\/\\\/schema.org\",\"@graph\":[{\"@type\":\"Article\",\"@id\":\"https:\\\/\\\/varia.swieteniemcy.pl\\\/index.php\\\/2021\\\/11\\\/15\\\/recenzja\\\/#article\",\"isPartOf\":{\"@id\":\"https:\\\/\\\/varia.swieteniemcy.pl\\\/index.php\\\/2021\\\/11\\\/15\\\/recenzja\\\/\"},\"author\":{\"name\":\"deip\",\"@id\":\"https:\\\/\\\/varia.swieteniemcy.pl\\\/#\\\/schema\\\/person\\\/aa61a70ad5ee70a0273524bd92806a65\"},\"headline\":\"Recenzja\",\"datePublished\":\"2021-11-15T17:54:08+00:00\",\"dateModified\":\"2021-11-15T17:54:09+00:00\",\"mainEntityOfPage\":{\"@id\":\"https:\\\/\\\/varia.swieteniemcy.pl\\\/index.php\\\/2021\\\/11\\\/15\\\/recenzja\\\/\"},\"wordCount\":328,\"commentCount\":1,\"articleSection\":[\"SN Recenzje\"],\"inLanguage\":\"pl-PL\",\"potentialAction\":[{\"@type\":\"CommentAction\",\"name\":\"Comment\",\"target\":[\"https:\\\/\\\/varia.swieteniemcy.pl\\\/index.php\\\/2021\\\/11\\\/15\\\/recenzja\\\/#respond\"]}]},{\"@type\":\"WebPage\",\"@id\":\"https:\\\/\\\/varia.swieteniemcy.pl\\\/index.php\\\/2021\\\/11\\\/15\\\/recenzja\\\/\",\"url\":\"https:\\\/\\\/varia.swieteniemcy.pl\\\/index.php\\\/2021\\\/11\\\/15\\\/recenzja\\\/\",\"name\":\"Recenzja - \u015awi\u0119te Niemcy\",\"isPartOf\":{\"@id\":\"https:\\\/\\\/varia.swieteniemcy.pl\\\/#website\"},\"datePublished\":\"2021-11-15T17:54:08+00:00\",\"dateModified\":\"2021-11-15T17:54:09+00:00\",\"author\":{\"@id\":\"https:\\\/\\\/varia.swieteniemcy.pl\\\/#\\\/schema\\\/person\\\/aa61a70ad5ee70a0273524bd92806a65\"},\"breadcrumb\":{\"@id\":\"https:\\\/\\\/varia.swieteniemcy.pl\\\/index.php\\\/2021\\\/11\\\/15\\\/recenzja\\\/#breadcrumb\"},\"inLanguage\":\"pl-PL\",\"potentialAction\":[{\"@type\":\"ReadAction\",\"target\":[\"https:\\\/\\\/varia.swieteniemcy.pl\\\/index.php\\\/2021\\\/11\\\/15\\\/recenzja\\\/\"]}]},{\"@type\":\"BreadcrumbList\",\"@id\":\"https:\\\/\\\/varia.swieteniemcy.pl\\\/index.php\\\/2021\\\/11\\\/15\\\/recenzja\\\/#breadcrumb\",\"itemListElement\":[{\"@type\":\"ListItem\",\"position\":1,\"name\":\"Strona g\u0142\u00f3wna\",\"item\":\"https:\\\/\\\/varia.swieteniemcy.pl\\\/\"},{\"@type\":\"ListItem\",\"position\":2,\"name\":\"Recenzja\"}]},{\"@type\":\"WebSite\",\"@id\":\"https:\\\/\\\/varia.swieteniemcy.pl\\\/#website\",\"url\":\"https:\\\/\\\/varia.swieteniemcy.pl\\\/\",\"name\":\"\u015awi\u0119te Niemcy\",\"description\":\"\u015awi\u0119te Niemcy - powie\u015b\u0107 o IV Rzeszy, kt\u00f3rej terytoria zajmuj\u0105 tak\u017ce obszar dawnej Polski, obecnie zwanej Lechistanem\",\"potentialAction\":[{\"@type\":\"SearchAction\",\"target\":{\"@type\":\"EntryPoint\",\"urlTemplate\":\"https:\\\/\\\/varia.swieteniemcy.pl\\\/?s={search_term_string}\"},\"query-input\":{\"@type\":\"PropertyValueSpecification\",\"valueRequired\":true,\"valueName\":\"search_term_string\"}}],\"inLanguage\":\"pl-PL\"},{\"@type\":\"Person\",\"@id\":\"https:\\\/\\\/varia.swieteniemcy.pl\\\/#\\\/schema\\\/person\\\/aa61a70ad5ee70a0273524bd92806a65\",\"name\":\"deip\",\"image\":{\"@type\":\"ImageObject\",\"inLanguage\":\"pl-PL\",\"@id\":\"https:\\\/\\\/secure.gravatar.com\\\/avatar\\\/a3c7191fa9a2e0e499af9c2f9995d9f186be16247db24609592af795371634f0?s=96&d=mm&r=g\",\"url\":\"https:\\\/\\\/secure.gravatar.com\\\/avatar\\\/a3c7191fa9a2e0e499af9c2f9995d9f186be16247db24609592af795371634f0?s=96&d=mm&r=g\",\"contentUrl\":\"https:\\\/\\\/secure.gravatar.com\\\/avatar\\\/a3c7191fa9a2e0e499af9c2f9995d9f186be16247db24609592af795371634f0?s=96&d=mm&r=g\",\"caption\":\"deip\"},\"url\":\"https:\\\/\\\/varia.swieteniemcy.pl\\\/index.php\\\/author\\\/deip\\\/\"}]}<\/script>\n<!-- \/ Yoast SEO plugin. -->","yoast_head_json":{"title":"Recenzja - \u015awi\u0119te Niemcy","robots":{"index":"index","follow":"follow","max-snippet":"max-snippet:-1","max-image-preview":"max-image-preview:large","max-video-preview":"max-video-preview:-1"},"canonical":"https:\/\/varia.swieteniemcy.pl\/index.php\/2021\/11\/15\/recenzja\/","og_locale":"pl_PL","og_type":"article","og_title":"Recenzja - \u015awi\u0119te Niemcy","og_description":"Przeczyta\u0142am dwa rozdzia\u0142y \u015awi\u0119tych Niemiec i jestem nie tylko oczarowana tre\u015bci\u0105, ale te\u017c nie mog\u0119 doczeka\u0107 si\u0119 jutra, kiedy wieczorem doczytam reszt\u0119 &#8211; lub cho\u0107by kolejn\u0105 cz\u0119\u015b\u0107. Niestety, jutro ju\u017c do pracy \ud83d\ude42To co na ju\u017c mog\u0119 ci napisa\u0107 &#8211; jest bardzo realistyczna, po\u0142yka si\u0119 j\u0105 dos\u0142ownie w ca\u0142o\u015bci. Nigdy nie czyta\u0142am ksi\u0105\u017cek Science Fiction, [&hellip;]","og_url":"https:\/\/varia.swieteniemcy.pl\/index.php\/2021\/11\/15\/recenzja\/","og_site_name":"\u015awi\u0119te Niemcy","article_published_time":"2021-11-15T17:54:08+00:00","article_modified_time":"2021-11-15T17:54:09+00:00","author":"deip","twitter_card":"summary_large_image","twitter_misc":{"Napisane przez":"deip","Szacowany czas czytania":"2 minuty"},"schema":{"@context":"https:\/\/schema.org","@graph":[{"@type":"Article","@id":"https:\/\/varia.swieteniemcy.pl\/index.php\/2021\/11\/15\/recenzja\/#article","isPartOf":{"@id":"https:\/\/varia.swieteniemcy.pl\/index.php\/2021\/11\/15\/recenzja\/"},"author":{"name":"deip","@id":"https:\/\/varia.swieteniemcy.pl\/#\/schema\/person\/aa61a70ad5ee70a0273524bd92806a65"},"headline":"Recenzja","datePublished":"2021-11-15T17:54:08+00:00","dateModified":"2021-11-15T17:54:09+00:00","mainEntityOfPage":{"@id":"https:\/\/varia.swieteniemcy.pl\/index.php\/2021\/11\/15\/recenzja\/"},"wordCount":328,"commentCount":1,"articleSection":["SN Recenzje"],"inLanguage":"pl-PL","potentialAction":[{"@type":"CommentAction","name":"Comment","target":["https:\/\/varia.swieteniemcy.pl\/index.php\/2021\/11\/15\/recenzja\/#respond"]}]},{"@type":"WebPage","@id":"https:\/\/varia.swieteniemcy.pl\/index.php\/2021\/11\/15\/recenzja\/","url":"https:\/\/varia.swieteniemcy.pl\/index.php\/2021\/11\/15\/recenzja\/","name":"Recenzja - \u015awi\u0119te Niemcy","isPartOf":{"@id":"https:\/\/varia.swieteniemcy.pl\/#website"},"datePublished":"2021-11-15T17:54:08+00:00","dateModified":"2021-11-15T17:54:09+00:00","author":{"@id":"https:\/\/varia.swieteniemcy.pl\/#\/schema\/person\/aa61a70ad5ee70a0273524bd92806a65"},"breadcrumb":{"@id":"https:\/\/varia.swieteniemcy.pl\/index.php\/2021\/11\/15\/recenzja\/#breadcrumb"},"inLanguage":"pl-PL","potentialAction":[{"@type":"ReadAction","target":["https:\/\/varia.swieteniemcy.pl\/index.php\/2021\/11\/15\/recenzja\/"]}]},{"@type":"BreadcrumbList","@id":"https:\/\/varia.swieteniemcy.pl\/index.php\/2021\/11\/15\/recenzja\/#breadcrumb","itemListElement":[{"@type":"ListItem","position":1,"name":"Strona g\u0142\u00f3wna","item":"https:\/\/varia.swieteniemcy.pl\/"},{"@type":"ListItem","position":2,"name":"Recenzja"}]},{"@type":"WebSite","@id":"https:\/\/varia.swieteniemcy.pl\/#website","url":"https:\/\/varia.swieteniemcy.pl\/","name":"\u015awi\u0119te Niemcy","description":"\u015awi\u0119te Niemcy - powie\u015b\u0107 o IV Rzeszy, kt\u00f3rej terytoria zajmuj\u0105 tak\u017ce obszar dawnej Polski, obecnie zwanej Lechistanem","potentialAction":[{"@type":"SearchAction","target":{"@type":"EntryPoint","urlTemplate":"https:\/\/varia.swieteniemcy.pl\/?s={search_term_string}"},"query-input":{"@type":"PropertyValueSpecification","valueRequired":true,"valueName":"search_term_string"}}],"inLanguage":"pl-PL"},{"@type":"Person","@id":"https:\/\/varia.swieteniemcy.pl\/#\/schema\/person\/aa61a70ad5ee70a0273524bd92806a65","name":"deip","image":{"@type":"ImageObject","inLanguage":"pl-PL","@id":"https:\/\/secure.gravatar.com\/avatar\/a3c7191fa9a2e0e499af9c2f9995d9f186be16247db24609592af795371634f0?s=96&d=mm&r=g","url":"https:\/\/secure.gravatar.com\/avatar\/a3c7191fa9a2e0e499af9c2f9995d9f186be16247db24609592af795371634f0?s=96&d=mm&r=g","contentUrl":"https:\/\/secure.gravatar.com\/avatar\/a3c7191fa9a2e0e499af9c2f9995d9f186be16247db24609592af795371634f0?s=96&d=mm&r=g","caption":"deip"},"url":"https:\/\/varia.swieteniemcy.pl\/index.php\/author\/deip\/"}]}},"_links":{"self":[{"href":"https:\/\/varia.swieteniemcy.pl\/index.php\/wp-json\/wp\/v2\/posts\/1161","targetHints":{"allow":["GET"]}}],"collection":[{"href":"https:\/\/varia.swieteniemcy.pl\/index.php\/wp-json\/wp\/v2\/posts"}],"about":[{"href":"https:\/\/varia.swieteniemcy.pl\/index.php\/wp-json\/wp\/v2\/types\/post"}],"author":[{"embeddable":true,"href":"https:\/\/varia.swieteniemcy.pl\/index.php\/wp-json\/wp\/v2\/users\/2"}],"replies":[{"embeddable":true,"href":"https:\/\/varia.swieteniemcy.pl\/index.php\/wp-json\/wp\/v2\/comments?post=1161"}],"version-history":[{"count":1,"href":"https:\/\/varia.swieteniemcy.pl\/index.php\/wp-json\/wp\/v2\/posts\/1161\/revisions"}],"predecessor-version":[{"id":1163,"href":"https:\/\/varia.swieteniemcy.pl\/index.php\/wp-json\/wp\/v2\/posts\/1161\/revisions\/1163"}],"wp:attachment":[{"href":"https:\/\/varia.swieteniemcy.pl\/index.php\/wp-json\/wp\/v2\/media?parent=1161"}],"wp:term":[{"taxonomy":"category","embeddable":true,"href":"https:\/\/varia.swieteniemcy.pl\/index.php\/wp-json\/wp\/v2\/categories?post=1161"},{"taxonomy":"post_tag","embeddable":true,"href":"https:\/\/varia.swieteniemcy.pl\/index.php\/wp-json\/wp\/v2\/tags?post=1161"}],"curies":[{"name":"wp","href":"https:\/\/api.w.org\/{rel}","templated":true}]}}